{"id":447,"date":"2017-02-19T15:13:47","date_gmt":"2017-02-19T14:13:47","guid":{"rendered":"http:\/\/vivremieux-aulnay.fr\/?p=447"},"modified":"2017-11-23T11:55:44","modified_gmt":"2017-11-23T10:55:44","slug":"invitation-toutes-citoyennes","status":"publish","type":"post","link":"https:\/\/vivremieux-aulnay.fr\/?p=447","title":{"rendered":"Invitation : Toutes citoyennes\u00a0?"},"content":{"rendered":"<h3><strong>Atelier-d\u00e9bat sur les femmes dans la R\u00e9publique\u00a0: avons-nous toutes et tous la m\u00eame repr\u00e9sentation\u00a0?<\/strong><\/h3>\n<p><a class=\"link-to-pdf\" title=\"rencontre du 9 mars 2017\" href=\"https:\/\/vivremieux-aulnay.fr\/wp-content\/uploads\/2017\/02\/rencontre-du-9-mars-2017.pdf\" target=\"_blank\" rel=\"attachment noopener wp-att-451\"><img loading=\"lazy\" decoding=\"async\" class=\"alignright size-medium wp-image-452 thumb-of-pdf\" src=\"https:\/\/vivremieux-aulnay.fr\/wp-content\/uploads\/2017\/02\/rencontre-du-9-mars-2017-pdf-232x300.jpg\" alt=\"thumbnail of rencontre du 9 mars 2017\" width=\"232\" height=\"300\" srcset=\"https:\/\/vivremieux-aulnay.fr\/wp-content\/uploads\/2017\/02\/rencontre-du-9-mars-2017-pdf-232x300.jpg 232w, https:\/\/vivremieux-aulnay.fr\/wp-content\/uploads\/2017\/02\/rencontre-du-9-mars-2017-pdf-768x994.jpg 768w, https:\/\/vivremieux-aulnay.fr\/wp-content\/uploads\/2017\/02\/rencontre-du-9-mars-2017-pdf.jpg 791w\" sizes=\"auto, (max-width: 232px) 100vw, 232px\" \/><\/a>Souvent per\u00e7u de fa\u00e7on uniforme, le f\u00e9minisme ou les f\u00e9minismes repr\u00e9senteraient l\u2019ensemble des mouvements qui visent \u00e0 d\u00e9fendre les droits fondamentaux des femmes dans leurs diversit\u00e9s et leurs sp\u00e9cificit\u00e9s. Afin de discuter et r\u00e9fl\u00e9chir sur la place des femmes en France, de leurs histoires et de leurs repr\u00e9sentations, notamment sous l\u2019angle de la citoyennet\u00e9, nous avons le plaisir de recevoir Le\u00efla Alaouf, ainsi que Thomas Branth\u00f4me. Dans ce contexte de promotion de la parit\u00e9, les in\u00e9galit\u00e9s homme-femme persistent pourtant. Quelles solutions permettraient de lutter efficacement contre ces discriminations\u00a0? Avons-nous toutes et tous le m\u00eame point de vue\u00a0?<\/p>\n<p style=\"text-align: center;\"><strong>Jeudi 9 mars 2017 \u00e0 19h30<\/strong> salle Dumont<\/p>\n<p style=\"text-align: left;\">avec :<\/p>\n<ul>\n<li><strong>Le\u00efla Alaouf<\/strong><br \/>\n\u00c9crivaine, f\u00e9ministe et militante antiraciste.<\/li>\n<li><strong>Thomas Branth\u00f4me<\/strong><br \/>\nMa\u00eetre de conf\u00e9rences en histoire du droit et des id\u00e9es politiques \u00e0 l\u2019Universit\u00e9 Paris-V<\/li>\n<\/ul>\n","protected":false},"excerpt":{"rendered":"<p>Atelier-d\u00e9bat sur les femmes dans la R\u00e9publique\u00a0: avons-nous toutes et tous la m\u00eame repr\u00e9sentation\u00a0? Souvent per\u00e7u de fa\u00e7on uniforme, le f\u00e9minisme ou les f\u00e9minismes repr\u00e9senteraient l\u2019ensemble des mouvements qui visent \u00e0 d\u00e9fendre les droits fondamentaux des femmes dans leurs diversit\u00e9s et leurs sp\u00e9cificit\u00e9s. Afin de discuter et r\u00e9fl\u00e9chir sur la place des femmes en France, &hellip; <a href=\"https:\/\/vivremieux-aulnay.fr\/?p=447\" class=\"more-link\">Continuer la lecture de <span class=\"screen-reader-text\">Invitation : Toutes citoyennes\u00a0?<\/span> <span class=\"meta-nav\">&rarr;<\/span><\/a><\/p>\n","protected":false},"author":1,"featured_media":0,"comment_status":"open","ping_status":"open","sticky":false,"template":"","format":"standard","meta":{"footnotes":""},"categories":[18,3],"tags":[],"class_list":["post-447","post","type-post","status-publish","format-standard","hentry","category-discriminations","category-les-rencontres-aulnaysiennes-de-vme"],"_links":{"self":[{"href":"https:\/\/vivremieux-aulnay.fr\/index.php?rest_route=\/wp\/v2\/posts\/447","targetHints":{"allow":["GET"]}}],"collection":[{"href":"https:\/\/vivremieux-aulnay.fr\/index.php?rest_route=\/wp\/v2\/posts"}],"about":[{"href":"https:\/\/vivremieux-aulnay.fr\/index.php?rest_route=\/wp\/v2\/types\/post"}],"author":[{"embeddable":true,"href":"https:\/\/vivremieux-aulnay.fr\/index.php?rest_route=\/wp\/v2\/users\/1"}],"replies":[{"embeddable":true,"href":"https:\/\/vivremieux-aulnay.fr\/index.php?rest_route=%2Fwp%2Fv2%2Fcomments&post=447"}],"version-history":[{"count":5,"href":"https:\/\/vivremieux-aulnay.fr\/index.php?rest_route=\/wp\/v2\/posts\/447\/revisions"}],"predecessor-version":[{"id":538,"href":"https:\/\/vivremieux-aulnay.fr\/index.php?rest_route=\/wp\/v2\/posts\/447\/revisions\/538"}],"wp:attachment":[{"href":"https:\/\/vivremieux-aulnay.fr\/index.php?rest_route=%2Fwp%2Fv2%2Fmedia&parent=447"}],"wp:term":[{"taxonomy":"category","embeddable":true,"href":"https:\/\/vivremieux-aulnay.fr\/index.php?rest_route=%2Fwp%2Fv2%2Fcategories&post=447"},{"taxonomy":"post_tag","embeddable":true,"href":"https:\/\/vivremieux-aulnay.fr\/index.php?rest_route=%2Fwp%2Fv2%2Ftags&post=447"}],"curies":[{"name":"wp","href":"https:\/\/api.w.org\/{rel}","templated":true}]}}