{"id":418,"date":"2017-02-08T13:14:17","date_gmt":"2017-02-08T12:14:17","guid":{"rendered":"http:\/\/vivremieux-aulnay.fr\/?p=418"},"modified":"2017-02-08T13:14:17","modified_gmt":"2017-02-08T12:14:17","slug":"appel-au-maintien-au-calme-et-soutien-a-theo-et-sa-famille","status":"publish","type":"post","link":"https:\/\/vivremieux-aulnay.fr\/?p=418","title":{"rendered":"Appel au maintien au calme et soutien \u00e0 Th\u00e9o et sa famille"},"content":{"rendered":"<p><img loading=\"lazy\" decoding=\"async\" class=\"aligncenter size-medium wp-image-419\" src=\"https:\/\/vivremieux-aulnay.fr\/wp-content\/uploads\/2017\/02\/VME_LREM-300x140.jpg\" alt=\"\" width=\"300\" height=\"140\" srcset=\"https:\/\/vivremieux-aulnay.fr\/wp-content\/uploads\/2017\/02\/VME_LREM-300x140.jpg 300w, https:\/\/vivremieux-aulnay.fr\/wp-content\/uploads\/2017\/02\/VME_LREM-768x358.jpg 768w, https:\/\/vivremieux-aulnay.fr\/wp-content\/uploads\/2017\/02\/VME_LREM.jpg 895w\" sizes=\"auto, (max-width: 300px) 100vw, 300px\" \/>Nos associations citoyennes expriment toute leur solidarit\u00e9 \u00e0 Th\u00e9o, violemment agress\u00e9 par des individus appartenant \u00e0 la Police ainsi qu\u2019\u00e0 sa famille. Nous restons tr\u00e8s vigilants aux suites donn\u00e9es \u00e0 cette affaire et dans la dur\u00e9e afin que nous puissions retrouver confiance en notre Police dont le but est de nous prot\u00e9ger et non de nous mettre en danger.<\/p>\n<p>Nous d\u00e9non\u00e7ons les manifestations de violences et les d\u00e9gradations dans les rues. Elles cr\u00e9ent des dommages et situations de danger inacceptables qui vont contre l\u2019appel des habitants dans cette affaire\u00a0: \u00ab\u00a0Personne ne peut \u00eatre au-dessus de la loi\u00a0!\u00a0\u00bb<\/p>\n<p>Continuons \u00e0 \u00e9couter l\u2019appel au calme des habitants de nos quartiers. La violence ne fait pas avancer la justice et d\u00e9grade l\u2019image de nos quartiers. Nous la condamnons, d\u2019o\u00f9 qu\u2019elle vienne, et r\u00e9affirmons notre engagement \u00e0 appeler chacun au calme. La justice doit \u00eatre faite, \u00eatre vigilant doit se faire de mani\u00e8re pacifique.<a class=\"link-to-pdf\" title=\"2017-02-08-CP-Theo\" href=\"https:\/\/vivremieux-aulnay.fr\/wp-content\/uploads\/2017\/02\/2017-02-08-CP-Theo.pdf\" target=\"_blank\" rel=\"attachment wp-att-420\"><img loading=\"lazy\" decoding=\"async\" class=\"size-medium wp-image-421 thumb-of-pdf aligncenter\" src=\"https:\/\/vivremieux-aulnay.fr\/wp-content\/uploads\/2017\/02\/2017-02-08-CP-Theo-pdf-212x300.jpg\" alt=\"thumbnail of 2017-02-08-CP-Theo\" width=\"212\" height=\"300\" srcset=\"https:\/\/vivremieux-aulnay.fr\/wp-content\/uploads\/2017\/02\/2017-02-08-CP-Theo-pdf-212x300.jpg 212w, https:\/\/vivremieux-aulnay.fr\/wp-content\/uploads\/2017\/02\/2017-02-08-CP-Theo-pdf.jpg 723w\" sizes=\"auto, (max-width: 212px) 100vw, 212px\" \/><\/a><\/p>\n","protected":false},"excerpt":{"rendered":"<p>Nos associations citoyennes expriment toute leur solidarit\u00e9 \u00e0 Th\u00e9o, violemment agress\u00e9 par des individus appartenant \u00e0 la Police ainsi qu\u2019\u00e0 sa famille. Nous restons tr\u00e8s vigilants aux suites donn\u00e9es \u00e0 cette affaire et dans la dur\u00e9e afin que nous puissions retrouver confiance en notre Police dont le but est de nous prot\u00e9ger et non de &hellip; <a href=\"https:\/\/vivremieux-aulnay.fr\/?p=418\" class=\"more-link\">Continuer la lecture de <span class=\"screen-reader-text\">Appel au maintien au calme et soutien \u00e0 Th\u00e9o et sa famille<\/span> <span class=\"meta-nav\">&rarr;<\/span><\/a><\/p>\n","protected":false},"author":1,"featured_media":0,"comment_status":"open","ping_status":"open","sticky":false,"template":"","format":"standard","meta":{"footnotes":""},"categories":[16],"tags":[],"class_list":["post-418","post","type-post","status-publish","format-standard","hentry","category-communique"],"_links":{"self":[{"href":"https:\/\/vivremieux-aulnay.fr\/index.php?rest_route=\/wp\/v2\/posts\/418","targetHints":{"allow":["GET"]}}],"collection":[{"href":"https:\/\/vivremieux-aulnay.fr\/index.php?rest_route=\/wp\/v2\/posts"}],"about":[{"href":"https:\/\/vivremieux-aulnay.fr\/index.php?rest_route=\/wp\/v2\/types\/post"}],"author":[{"embeddable":true,"href":"https:\/\/vivremieux-aulnay.fr\/index.php?rest_route=\/wp\/v2\/users\/1"}],"replies":[{"embeddable":true,"href":"https:\/\/vivremieux-aulnay.fr\/index.php?rest_route=%2Fwp%2Fv2%2Fcomments&post=418"}],"version-history":[{"count":1,"href":"https:\/\/vivremieux-aulnay.fr\/index.php?rest_route=\/wp\/v2\/posts\/418\/revisions"}],"predecessor-version":[{"id":422,"href":"https:\/\/vivremieux-aulnay.fr\/index.php?rest_route=\/wp\/v2\/posts\/418\/revisions\/422"}],"wp:attachment":[{"href":"https:\/\/vivremieux-aulnay.fr\/index.php?rest_route=%2Fwp%2Fv2%2Fmedia&parent=418"}],"wp:term":[{"taxonomy":"category","embeddable":true,"href":"https:\/\/vivremieux-aulnay.fr\/index.php?rest_route=%2Fwp%2Fv2%2Fcategories&post=418"},{"taxonomy":"post_tag","embeddable":true,"href":"https:\/\/vivremieux-aulnay.fr\/index.php?rest_route=%2Fwp%2Fv2%2Ftags&post=418"}],"curies":[{"name":"wp","href":"https:\/\/api.w.org\/{rel}","templated":true}]}}