{"id":411,"date":"2017-01-03T16:12:31","date_gmt":"2017-01-03T15:12:31","guid":{"rendered":"http:\/\/vivremieux-aulnay.fr\/?p=411"},"modified":"2017-11-23T12:00:23","modified_gmt":"2017-11-23T11:00:23","slug":"meilleurs-voeux-a-tous","status":"publish","type":"post","link":"https:\/\/vivremieux-aulnay.fr\/?p=411","title":{"rendered":"Meilleurs voeux \u00e0 tous!"},"content":{"rendered":"<p>\u00ab\u00a0Vivre Mieux Ensemble \u00e0 Aulnay-sous-Bois\u00a0\u00bb souhaite \u00e0 tous nos adh\u00e9rents, nos lecteurs, ceux qui participent \u00e0 nos d\u00e9bats et nos actions et \u00e0 tous les aulnaysiens et leurs proches une bonne ann\u00e9e 2017.<\/p>\n<p>Nous continuerons avec vous \u00e0 nous informer, nous divertir et militer pour ce mieux vivre ensemble indispensable dans ces \u00e9poques difficiles.<\/p>\n<p>Meilleurs voeux!<\/p>\n","protected":false},"excerpt":{"rendered":"<p>\u00ab\u00a0Vivre Mieux Ensemble \u00e0 Aulnay-sous-Bois\u00a0\u00bb souhaite \u00e0 tous nos adh\u00e9rents, nos lecteurs, ceux qui participent \u00e0 nos d\u00e9bats et nos actions et \u00e0 tous les aulnaysiens et leurs proches une bonne ann\u00e9e 2017. Nous continuerons avec vous \u00e0 nous informer, nous divertir et militer pour ce mieux vivre ensemble indispensable dans ces \u00e9poques difficiles. Meilleurs &hellip; <a href=\"https:\/\/vivremieux-aulnay.fr\/?p=411\" class=\"more-link\">Continuer la lecture de <span class=\"screen-reader-text\">Meilleurs voeux \u00e0 tous!<\/span> <span class=\"meta-nav\">&rarr;<\/span><\/a><\/p>\n","protected":false},"author":2,"featured_media":0,"comment_status":"open","ping_status":"open","sticky":false,"template":"","format":"standard","meta":{"footnotes":""},"categories":[19],"tags":[],"class_list":["post-411","post","type-post","status-publish","format-standard","hentry","category-la-vie-de-vme"],"_links":{"self":[{"href":"https:\/\/vivremieux-aulnay.fr\/index.php?rest_route=\/wp\/v2\/posts\/411","targetHints":{"allow":["GET"]}}],"collection":[{"href":"https:\/\/vivremieux-aulnay.fr\/index.php?rest_route=\/wp\/v2\/posts"}],"about":[{"href":"https:\/\/vivremieux-aulnay.fr\/index.php?rest_route=\/wp\/v2\/types\/post"}],"author":[{"embeddable":true,"href":"https:\/\/vivremieux-aulnay.fr\/index.php?rest_route=\/wp\/v2\/users\/2"}],"replies":[{"embeddable":true,"href":"https:\/\/vivremieux-aulnay.fr\/index.php?rest_route=%2Fwp%2Fv2%2Fcomments&post=411"}],"version-history":[{"count":1,"href":"https:\/\/vivremieux-aulnay.fr\/index.php?rest_route=\/wp\/v2\/posts\/411\/revisions"}],"predecessor-version":[{"id":412,"href":"https:\/\/vivremieux-aulnay.fr\/index.php?rest_route=\/wp\/v2\/posts\/411\/revisions\/412"}],"wp:attachment":[{"href":"https:\/\/vivremieux-aulnay.fr\/index.php?rest_route=%2Fwp%2Fv2%2Fmedia&parent=411"}],"wp:term":[{"taxonomy":"category","embeddable":true,"href":"https:\/\/vivremieux-aulnay.fr\/index.php?rest_route=%2Fwp%2Fv2%2Fcategories&post=411"},{"taxonomy":"post_tag","embeddable":true,"href":"https:\/\/vivremieux-aulnay.fr\/index.php?rest_route=%2Fwp%2Fv2%2Ftags&post=411"}],"curies":[{"name":"wp","href":"https:\/\/api.w.org\/{rel}","templated":true}]}}