{"id":405,"date":"2016-12-02T18:20:17","date_gmt":"2016-12-02T17:20:17","guid":{"rendered":"http:\/\/vivremieux-aulnay.fr\/?p=405"},"modified":"2017-11-23T11:55:47","modified_gmt":"2017-11-23T10:55:47","slug":"invitation-pourquoi-et-comment-lutter-contre-lhomophobie","status":"publish","type":"post","link":"https:\/\/vivremieux-aulnay.fr\/?p=405","title":{"rendered":"Invitation: Pourquoi et comment lutter contre l\u2019homophobie\u00a0?"},"content":{"rendered":"<p><a class=\"link-to-pdf\" title=\"rencontre-du-8-decembre-2016-v2\" href=\"https:\/\/vivremieux-aulnay.fr\/wp-content\/uploads\/2016\/12\/rencontre-du-8-decembre-2016-V2.pdf\" target=\"_blank\" rel=\"attachment noopener wp-att-406\"><img loading=\"lazy\" decoding=\"async\" class=\"alignright size-medium wp-image-407 thumb-of-pdf\" src=\"https:\/\/vivremieux-aulnay.fr\/wp-content\/uploads\/2016\/12\/rencontre-du-8-decembre-2016-V2-pdf-232x300.jpg\" alt=\"thumbnail of rencontre-du-8-decembre-2016-v2\" width=\"232\" height=\"300\" srcset=\"https:\/\/vivremieux-aulnay.fr\/wp-content\/uploads\/2016\/12\/rencontre-du-8-decembre-2016-V2-pdf-232x300.jpg 232w, https:\/\/vivremieux-aulnay.fr\/wp-content\/uploads\/2016\/12\/rencontre-du-8-decembre-2016-V2-pdf-768x994.jpg 768w, https:\/\/vivremieux-aulnay.fr\/wp-content\/uploads\/2016\/12\/rencontre-du-8-decembre-2016-V2-pdf.jpg 791w\" sizes=\"auto, (max-width: 232px) 100vw, 232px\" \/><\/a>Soir\u00e9e d\u2019\u00e9changes et de dialogues<br \/>\n<strong> Jeudi 8 d\u00e9cembre 2016 \u00e0 19h30 Salle Dumont,<\/strong><br \/>\nParc Dumont, face \u00e0 la gare RER d\u2019Aulnay-sous-Bois (sortie place Charles de Gaulle)<\/p>\n<p>Le nom de notre commune a encore \u00e9t\u00e9 associ\u00e9 \u00e0 une op\u00e9ration de communication politicienne dangereuse de la part du maire. Une campagne de pr\u00e9vention contre le VIH \u00e0 destination des homosexuels a \u00e9t\u00e9 interdite par arr\u00eat\u00e9 municipal. Nous refusons qu\u2019une campagne destin\u00e9e \u00e0 sauver des vies soit ainsi censur\u00e9e. Pour l\u2019avoir dit et affich\u00e9 dans notre ville, des citoyens ont \u00e9t\u00e9 arr\u00eat\u00e9s, leurs affiches confisqu\u00e9es par la police municipale. Ces \u00e9v\u00e9nements participent d\u2019un climat de rejet et d\u2019exclusion.<br \/>\nPour notre part, nous vous invitons \u00e0 venir dialoguer avec trois experts pour \u00e9changer sur les cons\u00e9quences humaines, sanitaires, psychologiques et politiques de telles d\u00e9cisions\u00a0:<\/p>\n<ul>\n<li><strong> Matthieu Lafaurie<\/strong>, Infectiologue \u00e0 l\u2019h\u00f4pital Saint-Louis, nous parlera de l\u2019importance de la pr\u00e9vention des maladies sexuellement transmissibles et de cette campagne en particulier,<\/li>\n<li><strong>Sylvie Gras<\/strong>, D\u00e9l\u00e9gu\u00e9e IDF de SOS Homophobie fera un point sur les diff\u00e9rents aspects de l\u2019homophobie dans notre pays et nous expliquera les cons\u00e9quences des interdictions de cette campagne sur des hommes et femmes qui se sentent rejet\u00e9s,<\/li>\n<li><strong>Fran\u00e7oise Dumont<\/strong>, Pr\u00e9sidente de la Ligue des Droits de l\u2019Homme, approfondira le caract\u00e8re discriminatoire de l\u2019interdiction de ces affiches et le d\u00e9tournement de la police municipale de ses missions d\u2019int\u00e9r\u00eat g\u00e9n\u00e9ral pour d\u00e9fendre une politique\u00a0partisane et \u00e9lectoraliste.<\/li>\n<\/ul>\n<p>19h30 \u2013 Ap\u00e9ritif convivial participatif (chacun-e est invit\u00e9-e \u2013 s\u2019il en a la possibilit\u00e9- \u00e0 apporter \u00e0 manger et \u00e0 boire)<br \/>\n20H00 \u2013 21h45 \u2013 Pr\u00e9sentation, interventions des invit\u00e9s et \u00e9changes.<\/p>\n","protected":false},"excerpt":{"rendered":"<p>Soir\u00e9e d\u2019\u00e9changes et de dialogues Jeudi 8 d\u00e9cembre 2016 \u00e0 19h30 Salle Dumont, Parc Dumont, face \u00e0 la gare RER d\u2019Aulnay-sous-Bois (sortie place Charles de Gaulle) Le nom de notre commune a encore \u00e9t\u00e9 associ\u00e9 \u00e0 une op\u00e9ration de communication politicienne dangereuse de la part du maire. Une campagne de pr\u00e9vention contre le VIH \u00e0 &hellip; <a href=\"https:\/\/vivremieux-aulnay.fr\/?p=405\" class=\"more-link\">Continuer la lecture de <span class=\"screen-reader-text\">Invitation: Pourquoi et comment lutter contre l\u2019homophobie\u00a0?<\/span> <span class=\"meta-nav\">&rarr;<\/span><\/a><\/p>\n","protected":false},"author":1,"featured_media":0,"comment_status":"open","ping_status":"open","sticky":false,"template":"","format":"standard","meta":{"footnotes":""},"categories":[18,3],"tags":[],"class_list":["post-405","post","type-post","status-publish","format-standard","hentry","category-discriminations","category-les-rencontres-aulnaysiennes-de-vme"],"_links":{"self":[{"href":"https:\/\/vivremieux-aulnay.fr\/index.php?rest_route=\/wp\/v2\/posts\/405","targetHints":{"allow":["GET"]}}],"collection":[{"href":"https:\/\/vivremieux-aulnay.fr\/index.php?rest_route=\/wp\/v2\/posts"}],"about":[{"href":"https:\/\/vivremieux-aulnay.fr\/index.php?rest_route=\/wp\/v2\/types\/post"}],"author":[{"embeddable":true,"href":"https:\/\/vivremieux-aulnay.fr\/index.php?rest_route=\/wp\/v2\/users\/1"}],"replies":[{"embeddable":true,"href":"https:\/\/vivremieux-aulnay.fr\/index.php?rest_route=%2Fwp%2Fv2%2Fcomments&post=405"}],"version-history":[{"count":3,"href":"https:\/\/vivremieux-aulnay.fr\/index.php?rest_route=\/wp\/v2\/posts\/405\/revisions"}],"predecessor-version":[{"id":539,"href":"https:\/\/vivremieux-aulnay.fr\/index.php?rest_route=\/wp\/v2\/posts\/405\/revisions\/539"}],"wp:attachment":[{"href":"https:\/\/vivremieux-aulnay.fr\/index.php?rest_route=%2Fwp%2Fv2%2Fmedia&parent=405"}],"wp:term":[{"taxonomy":"category","embeddable":true,"href":"https:\/\/vivremieux-aulnay.fr\/index.php?rest_route=%2Fwp%2Fv2%2Fcategories&post=405"},{"taxonomy":"post_tag","embeddable":true,"href":"https:\/\/vivremieux-aulnay.fr\/index.php?rest_route=%2Fwp%2Fv2%2Ftags&post=405"}],"curies":[{"name":"wp","href":"https:\/\/api.w.org\/{rel}","templated":true}]}}