{"id":392,"date":"2016-11-24T13:22:52","date_gmt":"2016-11-24T12:22:52","guid":{"rendered":"http:\/\/vivremieux-aulnay.fr\/?p=392"},"modified":"2017-11-23T11:55:54","modified_gmt":"2017-11-23T10:55:54","slug":"arrete-anti-affichage-censurons-lhomophobie-pas-la-prevention","status":"publish","type":"post","link":"https:\/\/vivremieux-aulnay.fr\/?p=392","title":{"rendered":"Arr\u00eat\u00e9 anti-affichage : censurons l\u2019homophobie, pas la pr\u00e9vention !"},"content":{"rendered":"<p><strong>L\u2019association Vivre Mieux Ensemble refuse qu\u2019Aulnay devienne le symbole de la discrimination.<\/strong><\/p>\n<p>Dans une ville qui souffre trop souvent d\u2019une image n\u00e9gative, le nom de notre commune a encore \u00e9t\u00e9 associ\u00e9 \u00e0 une op\u00e9ration de communication politicienne d\u00e9gradante. L\u2019arr\u00eat\u00e9 anti-affichage du maire provoque un climat de rejet et d\u2019exclusion homophobe. Rappelons que l\u2019homophobie conduit \u00e0 de nombreuses agressions et constitue l\u2019une des principales causes de suicide chez les adolescents.<\/p>\n<p>Nous refusons que notre ville devienne le symbole de la discrimination ! Nous proposons donc une soir\u00e9e contre l\u2019homophobie le jeudi 8 d\u00e9cembre 2016 \u00e0 19h30, \u00e0 Aulnay-sous-Bois (salle Dumont, parc Dumont, face \u00e0 la gare RER). Nous devons porter ensemble des actions fortes pour faire cesser ce climat homophobe, cause d\u2019ins\u00e9curit\u00e9.<\/p>\n<p>En guise de symbole, nous avons d\u00e9cid\u00e9 de censurer l\u2019image du maire sur tous les panneaux municipaux de la ville :<\/p>\n<p><a href=\"https:\/\/vivremieux-aulnay.fr\/wp-content\/uploads\/2016\/11\/homophobie1_small.jpg\"><img loading=\"lazy\" decoding=\"async\" class=\"alignnone size-medium wp-image-395\" src=\"https:\/\/vivremieux-aulnay.fr\/wp-content\/uploads\/2016\/11\/homophobie1_small-212x300.jpg\" alt=\"homophobie1_small\" width=\"212\" height=\"300\" srcset=\"https:\/\/vivremieux-aulnay.fr\/wp-content\/uploads\/2016\/11\/homophobie1_small-212x300.jpg 212w, https:\/\/vivremieux-aulnay.fr\/wp-content\/uploads\/2016\/11\/homophobie1_small.jpg 640w\" sizes=\"auto, (max-width: 212px) 100vw, 212px\" \/><\/a><a href=\"https:\/\/vivremieux-aulnay.fr\/wp-content\/uploads\/2016\/11\/homophobie2_small.jpg\"><img loading=\"lazy\" decoding=\"async\" class=\"alignnone size-medium wp-image-396\" src=\"https:\/\/vivremieux-aulnay.fr\/wp-content\/uploads\/2016\/11\/homophobie2_small-212x300.jpg\" alt=\"homophobie2_small\" width=\"212\" height=\"300\" srcset=\"https:\/\/vivremieux-aulnay.fr\/wp-content\/uploads\/2016\/11\/homophobie2_small-212x300.jpg 212w, https:\/\/vivremieux-aulnay.fr\/wp-content\/uploads\/2016\/11\/homophobie2_small.jpg 640w\" sizes=\"auto, (max-width: 212px) 100vw, 212px\" \/><\/a><\/p>\n","protected":false},"excerpt":{"rendered":"<p>L\u2019association Vivre Mieux Ensemble refuse qu\u2019Aulnay devienne le symbole de la discrimination. Dans une ville qui souffre trop souvent d\u2019une image n\u00e9gative, le nom de notre commune a encore \u00e9t\u00e9 associ\u00e9 \u00e0 une op\u00e9ration de communication politicienne d\u00e9gradante. L\u2019arr\u00eat\u00e9 anti-affichage du maire provoque un climat de rejet et d\u2019exclusion homophobe. Rappelons que l\u2019homophobie conduit \u00e0 &hellip; <a href=\"https:\/\/vivremieux-aulnay.fr\/?p=392\" class=\"more-link\">Continuer la lecture de <span class=\"screen-reader-text\">Arr\u00eat\u00e9 anti-affichage : censurons l\u2019homophobie, pas la pr\u00e9vention !<\/span> <span class=\"meta-nav\">&rarr;<\/span><\/a><\/p>\n","protected":false},"author":1,"featured_media":0,"comment_status":"open","ping_status":"open","sticky":false,"template":"","format":"standard","meta":{"footnotes":""},"categories":[16,18],"tags":[],"class_list":["post-392","post","type-post","status-publish","format-standard","hentry","category-communique","category-discriminations"],"_links":{"self":[{"href":"https:\/\/vivremieux-aulnay.fr\/index.php?rest_route=\/wp\/v2\/posts\/392","targetHints":{"allow":["GET"]}}],"collection":[{"href":"https:\/\/vivremieux-aulnay.fr\/index.php?rest_route=\/wp\/v2\/posts"}],"about":[{"href":"https:\/\/vivremieux-aulnay.fr\/index.php?rest_route=\/wp\/v2\/types\/post"}],"author":[{"embeddable":true,"href":"https:\/\/vivremieux-aulnay.fr\/index.php?rest_route=\/wp\/v2\/users\/1"}],"replies":[{"embeddable":true,"href":"https:\/\/vivremieux-aulnay.fr\/index.php?rest_route=%2Fwp%2Fv2%2Fcomments&post=392"}],"version-history":[{"count":3,"href":"https:\/\/vivremieux-aulnay.fr\/index.php?rest_route=\/wp\/v2\/posts\/392\/revisions"}],"predecessor-version":[{"id":397,"href":"https:\/\/vivremieux-aulnay.fr\/index.php?rest_route=\/wp\/v2\/posts\/392\/revisions\/397"}],"wp:attachment":[{"href":"https:\/\/vivremieux-aulnay.fr\/index.php?rest_route=%2Fwp%2Fv2%2Fmedia&parent=392"}],"wp:term":[{"taxonomy":"category","embeddable":true,"href":"https:\/\/vivremieux-aulnay.fr\/index.php?rest_route=%2Fwp%2Fv2%2Fcategories&post=392"},{"taxonomy":"post_tag","embeddable":true,"href":"https:\/\/vivremieux-aulnay.fr\/index.php?rest_route=%2Fwp%2Fv2%2Ftags&post=392"}],"curies":[{"name":"wp","href":"https:\/\/api.w.org\/{rel}","templated":true}]}}