{"id":384,"date":"2016-10-30T10:54:49","date_gmt":"2016-10-30T09:54:49","guid":{"rendered":"http:\/\/vivremieux-aulnay.fr\/?p=384"},"modified":"2016-10-30T10:55:41","modified_gmt":"2016-10-30T09:55:41","slug":"10-novembre-projection-debat-les-sentinelles","status":"publish","type":"post","link":"https:\/\/vivremieux-aulnay.fr\/?p=384","title":{"rendered":"10 novembre: Projection-d\u00e9bat \u00ab\u00a0Les sentinelles\u00a0\u00bb"},"content":{"rendered":"<p><a class=\"link-to-pdf\" href=\"https:\/\/vivremieux-aulnay.fr\/wp-content\/uploads\/2016\/10\/LesSentinellesVME.pdf\" rel=\"attachment wp-att-385\" title=\"lessentinellesvme\" target=\"_blank\"><img loading=\"lazy\" decoding=\"async\" src=\"https:\/\/vivremieux-aulnay.fr\/wp-content\/uploads\/2016\/10\/LesSentinellesVME-pdf-232x300.jpg\" alt=\"thumbnail of lessentinellesvme\" width=\"232\" height=\"300\" class=\"alignright size-medium wp-image-386 thumb-of-pdf\" srcset=\"https:\/\/vivremieux-aulnay.fr\/wp-content\/uploads\/2016\/10\/LesSentinellesVME-pdf-232x300.jpg 232w, https:\/\/vivremieux-aulnay.fr\/wp-content\/uploads\/2016\/10\/LesSentinellesVME-pdf.jpg 612w\" sizes=\"auto, (max-width: 232px) 100vw, 232px\" \/><\/a><\/p>\n<p>\u00c0 Aulnay l\u2019amiante, ailleurs les pesticides\u00a0: Projection-d\u00e9bat sur les lanceurs d\u2019alertes.<\/p>\n<p>\u00ab\u00a0Les sentinelles\u00a0\u00bb: R\u00e9alis\u00e9 par le fils d\u2019Henri P\u00e9zerat, le film raconte Henri, ses rencontres avec les Amisol et les Eternit, la lutte de l\u2019avocat Paul Fran\u00e7ois contre Monsanto, les ouvriers intoxiqu\u00e9s de Triskalia, des sentinelles de l\u2019environnement.<\/p>\n<p>La projection sera suivie d&rsquo;un d\u00e9bat <strong>en pr\u00e9sence du r\u00e9alisateur et des lanceurs d&rsquo;alerte de l&rsquo;usine d&rsquo;amiante d&rsquo;Aulnay.<\/strong><\/p>\n","protected":false},"excerpt":{"rendered":"<p>\u00c0 Aulnay l\u2019amiante, ailleurs les pesticides\u00a0: Projection-d\u00e9bat sur les lanceurs d\u2019alertes. \u00ab\u00a0Les sentinelles\u00a0\u00bb: R\u00e9alis\u00e9 par le fils d\u2019Henri P\u00e9zerat, le film raconte Henri, ses rencontres avec les Amisol et les Eternit, la lutte de l\u2019avocat Paul Fran\u00e7ois contre Monsanto, les ouvriers intoxiqu\u00e9s de Triskalia, des sentinelles de l\u2019environnement. La projection sera suivie d&rsquo;un d\u00e9bat en &hellip; <a href=\"https:\/\/vivremieux-aulnay.fr\/?p=384\" class=\"more-link\">Continuer la lecture de <span class=\"screen-reader-text\">10 novembre: Projection-d\u00e9bat \u00ab\u00a0Les sentinelles\u00a0\u00bb<\/span> <span class=\"meta-nav\">&rarr;<\/span><\/a><\/p>\n","protected":false},"author":1,"featured_media":0,"comment_status":"open","ping_status":"open","sticky":false,"template":"","format":"standard","meta":{"footnotes":""},"categories":[3],"tags":[],"class_list":["post-384","post","type-post","status-publish","format-standard","hentry","category-les-rencontres-aulnaysiennes-de-vme"],"_links":{"self":[{"href":"https:\/\/vivremieux-aulnay.fr\/index.php?rest_route=\/wp\/v2\/posts\/384","targetHints":{"allow":["GET"]}}],"collection":[{"href":"https:\/\/vivremieux-aulnay.fr\/index.php?rest_route=\/wp\/v2\/posts"}],"about":[{"href":"https:\/\/vivremieux-aulnay.fr\/index.php?rest_route=\/wp\/v2\/types\/post"}],"author":[{"embeddable":true,"href":"https:\/\/vivremieux-aulnay.fr\/index.php?rest_route=\/wp\/v2\/users\/1"}],"replies":[{"embeddable":true,"href":"https:\/\/vivremieux-aulnay.fr\/index.php?rest_route=%2Fwp%2Fv2%2Fcomments&post=384"}],"version-history":[{"count":4,"href":"https:\/\/vivremieux-aulnay.fr\/index.php?rest_route=\/wp\/v2\/posts\/384\/revisions"}],"predecessor-version":[{"id":390,"href":"https:\/\/vivremieux-aulnay.fr\/index.php?rest_route=\/wp\/v2\/posts\/384\/revisions\/390"}],"wp:attachment":[{"href":"https:\/\/vivremieux-aulnay.fr\/index.php?rest_route=%2Fwp%2Fv2%2Fmedia&parent=384"}],"wp:term":[{"taxonomy":"category","embeddable":true,"href":"https:\/\/vivremieux-aulnay.fr\/index.php?rest_route=%2Fwp%2Fv2%2Fcategories&post=384"},{"taxonomy":"post_tag","embeddable":true,"href":"https:\/\/vivremieux-aulnay.fr\/index.php?rest_route=%2Fwp%2Fv2%2Ftags&post=384"}],"curies":[{"name":"wp","href":"https:\/\/api.w.org\/{rel}","templated":true}]}}