{"id":368,"date":"2016-06-26T18:12:15","date_gmt":"2016-06-26T17:12:15","guid":{"rendered":"http:\/\/vivremieux-aulnay.fr\/?p=368"},"modified":"2016-06-26T18:12:15","modified_gmt":"2016-06-26T17:12:15","slug":"europacity-notre-cahier-dacteur","status":"publish","type":"post","link":"https:\/\/vivremieux-aulnay.fr\/?p=368","title":{"rendered":"EuropaCity : Notre Cahier d&rsquo;acteur"},"content":{"rendered":"<p><a class=\"link-to-pdf\" title=\"cahier_dacteur_europacity_ndeg23_-_vme\" href=\"https:\/\/vivremieux-aulnay.fr\/wp-content\/uploads\/2016\/06\/cahier_dacteur_europacity_ndeg23_-_vme.pdf\" target=\"_blank\" rel=\"attachment wp-att-369\"><img loading=\"lazy\" decoding=\"async\" class=\"alignright size-medium wp-image-370 thumb-of-pdf\" src=\"https:\/\/vivremieux-aulnay.fr\/wp-content\/uploads\/2016\/06\/cahier_dacteur_europacity_ndeg23_-_vme-pdf-212x300.jpg\" alt=\"thumbnail of cahier_dacteur_europacity_ndeg23_-_vme\" width=\"212\" height=\"300\" srcset=\"https:\/\/vivremieux-aulnay.fr\/wp-content\/uploads\/2016\/06\/cahier_dacteur_europacity_ndeg23_-_vme-pdf-212x300.jpg 212w, https:\/\/vivremieux-aulnay.fr\/wp-content\/uploads\/2016\/06\/cahier_dacteur_europacity_ndeg23_-_vme-pdf.jpg 595w\" sizes=\"auto, (max-width: 212px) 100vw, 212px\" \/><\/a>Notre association a d\u00e9pos\u00e9 dans le dossier EuropaCity le cahier d&rsquo;acteur ci-contre dont le r\u00e9sum\u00e9 est ci-dessous:<\/p>\n<h2>Europacity, un projet n\u00e9faste pour l&rsquo;environnement et l&rsquo;\u00e9conomie<\/h2>\n<p>Par de nombreux aspects, le projet Europacity ne r\u00e9pond pas aux exigences en mati\u00e8re d\u2019environnement, de pr\u00e9servation de l\u2019\u00e9conomie r\u00e9gionale et de respect de la r\u00e9glementation.<\/p>\n<p><strong>INCOMPATIBLE AVEC LES ENGAGEMENTS DE LA COP21<\/strong><\/p>\n<p>L\u2019Autorit\u00e9 de l\u2019Environnement (AE) d\u00e9finit comme haute priorit\u00e9 pour le d\u00e9veloppement de l\u2019\u00cele-de-France, de r\u00e9duire son empreinte \u00e9cologique. L\u2019AE souligne que le projet Europacity et la ZAC du Triangle de Gonesse pr\u00e9voient de st\u00e9riliser d\u00e9finitivement 210 hectares des meilleures terres agricole de la r\u00e9gion sans qu\u2019aucune solution d\u2019\u00e9vitement n&rsquo;ait \u00e9t\u00e9 envisag\u00e9e. Ce projet de la famille Mulliez et du groupe chinois Wanda a donc \u00e9t\u00e9 d\u00e9savou\u00e9 par l&rsquo;Autorit\u00e9 Environnementale.<\/p>\n<p><strong>DESTRUCTEUR D&rsquo;EMPLOIS ET CR\u00c9ATEUR DE FRICHES COMMERCIALES<\/strong><\/p>\n<p>Du point de vue \u00e9conomique le projet est tout aussi n\u00e9faste : \u00e0 Aulnay-sous-Bois, une ville d\u00e9j\u00e0 meurtrie par le d\u00e9part de l\u2019usine PSA, laissant une friche industrielle de 170ha, Europacity menace directement les 2700 emplois de O\u2019Parinor localis\u00e9s \u00e0 quelques centaines de m\u00e8tres. A la limite de ces deux d\u00e9partements d\u00e9j\u00e0 fortement touch\u00e9s par la vacance commerciale, le risque d\u2019une nouvelle friche est r\u00e9el.<\/p>\n<p><strong>NON-RESPECTUEUX DES ORIENTATIONS DU SDRIF ET MENA\u00c7ANT ROISSY CHARLES-DE-GAULLE DE THROMBOSE<\/strong><\/p>\n<p>Par ailleurs, en ne privil\u00e9giant pas les transports en communs pour la plupart des trajets, ce projet se mettrait en violation des orientations du Sch\u00e9ma Directeur de la R\u00e9gion \u00cele-de-France. Selon les propres chiffres du promoteur d&rsquo;Europacity, cela se traduirait par 15 millions de visiteurs par an sur les routes, une grave menace de thrombose de la plateforme a\u00e9roportuaire de Roissy Charles-de-Gaulle, le p\u00f4le d\u2019emploi principal des trois d\u00e9partements limitrophes, Val d&rsquo;Oise, Seine-St-Denis et Seine-et-Marne.<\/p>\n","protected":false},"excerpt":{"rendered":"<p>Notre association a d\u00e9pos\u00e9 dans le dossier EuropaCity le cahier d&rsquo;acteur ci-contre dont le r\u00e9sum\u00e9 est ci-dessous: Europacity, un projet n\u00e9faste pour l&rsquo;environnement et l&rsquo;\u00e9conomie Par de nombreux aspects, le projet Europacity ne r\u00e9pond pas aux exigences en mati\u00e8re d\u2019environnement, de pr\u00e9servation de l\u2019\u00e9conomie r\u00e9gionale et de respect de la r\u00e9glementation. INCOMPATIBLE AVEC LES ENGAGEMENTS &hellip; <a href=\"https:\/\/vivremieux-aulnay.fr\/?p=368\" class=\"more-link\">Continuer la lecture de <span class=\"screen-reader-text\">EuropaCity : Notre Cahier d&rsquo;acteur<\/span> <span class=\"meta-nav\">&rarr;<\/span><\/a><\/p>\n","protected":false},"author":1,"featured_media":0,"comment_status":"open","ping_status":"open","sticky":false,"template":"","format":"standard","meta":{"footnotes":""},"categories":[17],"tags":[],"class_list":["post-368","post","type-post","status-publish","format-standard","hentry","category-europacity"],"_links":{"self":[{"href":"https:\/\/vivremieux-aulnay.fr\/index.php?rest_route=\/wp\/v2\/posts\/368","targetHints":{"allow":["GET"]}}],"collection":[{"href":"https:\/\/vivremieux-aulnay.fr\/index.php?rest_route=\/wp\/v2\/posts"}],"about":[{"href":"https:\/\/vivremieux-aulnay.fr\/index.php?rest_route=\/wp\/v2\/types\/post"}],"author":[{"embeddable":true,"href":"https:\/\/vivremieux-aulnay.fr\/index.php?rest_route=\/wp\/v2\/users\/1"}],"replies":[{"embeddable":true,"href":"https:\/\/vivremieux-aulnay.fr\/index.php?rest_route=%2Fwp%2Fv2%2Fcomments&post=368"}],"version-history":[{"count":1,"href":"https:\/\/vivremieux-aulnay.fr\/index.php?rest_route=\/wp\/v2\/posts\/368\/revisions"}],"predecessor-version":[{"id":371,"href":"https:\/\/vivremieux-aulnay.fr\/index.php?rest_route=\/wp\/v2\/posts\/368\/revisions\/371"}],"wp:attachment":[{"href":"https:\/\/vivremieux-aulnay.fr\/index.php?rest_route=%2Fwp%2Fv2%2Fmedia&parent=368"}],"wp:term":[{"taxonomy":"category","embeddable":true,"href":"https:\/\/vivremieux-aulnay.fr\/index.php?rest_route=%2Fwp%2Fv2%2Fcategories&post=368"},{"taxonomy":"post_tag","embeddable":true,"href":"https:\/\/vivremieux-aulnay.fr\/index.php?rest_route=%2Fwp%2Fv2%2Ftags&post=368"}],"curies":[{"name":"wp","href":"https:\/\/api.w.org\/{rel}","templated":true}]}}