{"id":361,"date":"2016-06-17T07:27:38","date_gmt":"2016-06-17T06:27:38","guid":{"rendered":"http:\/\/vivremieux-aulnay.fr\/?p=361"},"modified":"2016-06-26T18:39:06","modified_gmt":"2016-06-26T17:39:06","slug":"vme-intervient-dans-le-debat-sur-europacity","status":"publish","type":"post","link":"https:\/\/vivremieux-aulnay.fr\/?p=361","title":{"rendered":"VME intervient dans le d\u00e9bat sur Europacity"},"content":{"rendered":"<p><a href=\"https:\/\/vivremieux-aulnay.fr\/wp-content\/uploads\/2016\/06\/IMG_20160616_222757.jpg\"><img loading=\"lazy\" decoding=\"async\" class=\"size-medium wp-image-362 alignright\" src=\"https:\/\/vivremieux-aulnay.fr\/wp-content\/uploads\/2016\/06\/IMG_20160616_222757-300x225.jpg\" alt=\"IMG_20160616_222757\" width=\"300\" height=\"225\" srcset=\"https:\/\/vivremieux-aulnay.fr\/wp-content\/uploads\/2016\/06\/IMG_20160616_222757-300x225.jpg 300w, https:\/\/vivremieux-aulnay.fr\/wp-content\/uploads\/2016\/06\/IMG_20160616_222757-768x576.jpg 768w, https:\/\/vivremieux-aulnay.fr\/wp-content\/uploads\/2016\/06\/IMG_20160616_222757-1024x768.jpg 1024w\" sizes=\"auto, (max-width: 300px) 100vw, 300px\" \/><\/a>Dans le cadre des cahiers d&rsquo;acteurs, notre ami Herv\u00e9 Suadeau est intervenu pour d\u00e9fendre les terres agricoles du Triangle de Gonesse et souligner le risque du projet pour le commerce et l&rsquo;\u00e9conomie de tout le bassin d&#8217;emploi.<\/p>\n<p>Ce moment important du d\u00e9bat public a eu lieu jeudi 16 juin \u00e0 Chanteloup.<\/p>\n","protected":false},"excerpt":{"rendered":"<p>Dans le cadre des cahiers d&rsquo;acteurs, notre ami Herv\u00e9 Suadeau est intervenu pour d\u00e9fendre les terres agricoles du Triangle de Gonesse et souligner le risque du projet pour le commerce et l&rsquo;\u00e9conomie de tout le bassin d&#8217;emploi. Ce moment important du d\u00e9bat public a eu lieu jeudi 16 juin \u00e0 Chanteloup.<\/p>\n","protected":false},"author":2,"featured_media":0,"comment_status":"open","ping_status":"open","sticky":false,"template":"","format":"standard","meta":{"footnotes":""},"categories":[17],"tags":[],"class_list":["post-361","post","type-post","status-publish","format-standard","hentry","category-europacity"],"_links":{"self":[{"href":"https:\/\/vivremieux-aulnay.fr\/index.php?rest_route=\/wp\/v2\/posts\/361","targetHints":{"allow":["GET"]}}],"collection":[{"href":"https:\/\/vivremieux-aulnay.fr\/index.php?rest_route=\/wp\/v2\/posts"}],"about":[{"href":"https:\/\/vivremieux-aulnay.fr\/index.php?rest_route=\/wp\/v2\/types\/post"}],"author":[{"embeddable":true,"href":"https:\/\/vivremieux-aulnay.fr\/index.php?rest_route=\/wp\/v2\/users\/2"}],"replies":[{"embeddable":true,"href":"https:\/\/vivremieux-aulnay.fr\/index.php?rest_route=%2Fwp%2Fv2%2Fcomments&post=361"}],"version-history":[{"count":3,"href":"https:\/\/vivremieux-aulnay.fr\/index.php?rest_route=\/wp\/v2\/posts\/361\/revisions"}],"predecessor-version":[{"id":366,"href":"https:\/\/vivremieux-aulnay.fr\/index.php?rest_route=\/wp\/v2\/posts\/361\/revisions\/366"}],"wp:attachment":[{"href":"https:\/\/vivremieux-aulnay.fr\/index.php?rest_route=%2Fwp%2Fv2%2Fmedia&parent=361"}],"wp:term":[{"taxonomy":"category","embeddable":true,"href":"https:\/\/vivremieux-aulnay.fr\/index.php?rest_route=%2Fwp%2Fv2%2Fcategories&post=361"},{"taxonomy":"post_tag","embeddable":true,"href":"https:\/\/vivremieux-aulnay.fr\/index.php?rest_route=%2Fwp%2Fv2%2Ftags&post=361"}],"curies":[{"name":"wp","href":"https:\/\/api.w.org\/{rel}","templated":true}]}}