{"id":323,"date":"2016-03-29T15:36:03","date_gmt":"2016-03-29T14:36:03","guid":{"rendered":"http:\/\/vivremieux-aulnay.fr\/?p=323"},"modified":"2016-06-26T18:39:31","modified_gmt":"2016-06-26T17:39:31","slug":"debat-public-europacity-le-lundi-4-avril-a-chanteloup-a-19h","status":"publish","type":"post","link":"https:\/\/vivremieux-aulnay.fr\/?p=323","title":{"rendered":"D\u00e9bat public Europacity le lundi 4 avril \u00e0 Chanteloup \u00e0 19h"},"content":{"rendered":"<p style=\"text-align: center;\">Venez d\u00e9fendre le commerce de proximit\u00e9 \u00e0 l&rsquo;atelier \u00ab\u00a0commerce\u00a0\u00bb organis\u00e9 par la Commission Nationale du D\u00e9bat Public.<\/p>\n<p style=\"text-align: center;\"><a class=\"link-to-pdf\" title=\"Affiche20160404\" href=\"https:\/\/vivremieux-aulnay.fr\/wp-content\/uploads\/2016\/03\/Affiche20160404.pdf\" target=\"_blank\" rel=\"attachment wp-att-324\"><img loading=\"lazy\" decoding=\"async\" class=\"alignnone size-medium wp-image-325\" src=\"https:\/\/vivremieux-aulnay.fr\/wp-content\/uploads\/2016\/03\/Affiche20160404-pdf-232x300.jpg\" alt=\"thumbnail of Affiche20160404\" width=\"232\" height=\"300\" srcset=\"https:\/\/vivremieux-aulnay.fr\/wp-content\/uploads\/2016\/03\/Affiche20160404-pdf-232x300.jpg 232w, https:\/\/vivremieux-aulnay.fr\/wp-content\/uploads\/2016\/03\/Affiche20160404-pdf.jpg 612w\" sizes=\"auto, (max-width: 232px) 100vw, 232px\" \/><\/a><\/p>\n","protected":false},"excerpt":{"rendered":"<p>Venez d\u00e9fendre le commerce de proximit\u00e9 \u00e0 l&rsquo;atelier \u00ab\u00a0commerce\u00a0\u00bb organis\u00e9 par la Commission Nationale du D\u00e9bat Public.<\/p>\n","protected":false},"author":2,"featured_media":0,"comment_status":"open","ping_status":"open","sticky":false,"template":"","format":"standard","meta":{"footnotes":""},"categories":[8,17],"tags":[],"class_list":["post-323","post","type-post","status-publish","format-standard","hentry","category-manifestation","category-europacity"],"_links":{"self":[{"href":"https:\/\/vivremieux-aulnay.fr\/index.php?rest_route=\/wp\/v2\/posts\/323","targetHints":{"allow":["GET"]}}],"collection":[{"href":"https:\/\/vivremieux-aulnay.fr\/index.php?rest_route=\/wp\/v2\/posts"}],"about":[{"href":"https:\/\/vivremieux-aulnay.fr\/index.php?rest_route=\/wp\/v2\/types\/post"}],"author":[{"embeddable":true,"href":"https:\/\/vivremieux-aulnay.fr\/index.php?rest_route=\/wp\/v2\/users\/2"}],"replies":[{"embeddable":true,"href":"https:\/\/vivremieux-aulnay.fr\/index.php?rest_route=%2Fwp%2Fv2%2Fcomments&post=323"}],"version-history":[{"count":2,"href":"https:\/\/vivremieux-aulnay.fr\/index.php?rest_route=\/wp\/v2\/posts\/323\/revisions"}],"predecessor-version":[{"id":327,"href":"https:\/\/vivremieux-aulnay.fr\/index.php?rest_route=\/wp\/v2\/posts\/323\/revisions\/327"}],"wp:attachment":[{"href":"https:\/\/vivremieux-aulnay.fr\/index.php?rest_route=%2Fwp%2Fv2%2Fmedia&parent=323"}],"wp:term":[{"taxonomy":"category","embeddable":true,"href":"https:\/\/vivremieux-aulnay.fr\/index.php?rest_route=%2Fwp%2Fv2%2Fcategories&post=323"},{"taxonomy":"post_tag","embeddable":true,"href":"https:\/\/vivremieux-aulnay.fr\/index.php?rest_route=%2Fwp%2Fv2%2Ftags&post=323"}],"curies":[{"name":"wp","href":"https:\/\/api.w.org\/{rel}","templated":true}]}}