{"id":32,"date":"2014-05-10T12:44:22","date_gmt":"2014-05-10T11:44:22","guid":{"rendered":"http:\/\/vivremieux-aulnay.fr\/?p=32"},"modified":"2017-11-23T11:56:14","modified_gmt":"2017-11-23T10:56:14","slug":"reunion-publique-et-manifestation-contre-larete-anti-mendicite","status":"publish","type":"post","link":"https:\/\/vivremieux-aulnay.fr\/?p=32","title":{"rendered":"R\u00e9union publique et action contre l&rsquo;arr\u00eat\u00e9 anti-mendicit\u00e9"},"content":{"rendered":"<figure id=\"attachment_34\" aria-describedby=\"caption-attachment-34\" style=\"width: 173px\" class=\"wp-caption alignright\"><a href=\"https:\/\/vivremieux-aulnay.fr\/wp-content\/uploads\/2014\/10\/TractMendicite.pdf.opti_.pdf\"><img loading=\"lazy\" decoding=\"async\" class=\"wp-image-34 size-full\" src=\"https:\/\/vivremieux-aulnay.fr\/wp-content\/uploads\/2014\/10\/TractMendicite.png\" alt=\"TractMendicite\" width=\"173\" height=\"245\" \/><\/a><figcaption id=\"caption-attachment-34\" class=\"wp-caption-text\">Tract \u00e0 t\u00e9l\u00e9charger<\/figcaption><\/figure>\n<p>Une des premi\u00e8res d\u00e9cisions du nouveau maire d\u2019Aulnay-sous-Bois a \u00e9t\u00e9 de prendre un arr\u00eat\u00e9 anti-mendicit\u00e9. Cet arr\u00eat\u00e9 constitue un acte discriminatoire en s\u2019attaquant aux droits des plus fragiles. Cette p\u00e9nalisation stigmatise les plus pr\u00e9caires, sans apporter de solution aux probl\u00e8mes de pauvret\u00e9 des Aulnaysiens.<\/p>\n<p>Vivre mieux, ensemble n\u2019accepte pas cette d\u00e9cision qui punit les victimes de la pauvret\u00e9 et appelle Bruno Beschizza \u00e0 renoncer \u00e0 cet arr\u00eat\u00e9 injuste.<\/p>\n<ul>\n<li>Au lieu d\u2019imposer des amendes \u00e0 ceux qui n\u2019ont rien,<br \/>\nva-t-on mettre en place une vraie politique de lutte contre la grande pauvret\u00e9 \u00a0?<\/li>\n<li>Va-t-on rendre des moyens d&rsquo;action au Centre Communal d&rsquo;Action Sociale (CCAS)\u00a0?<\/li>\n<li>Qu\u2019en est-il des subventions aux associations de solidarit\u00e9\u00a0?<\/li>\n<li>Combien d\u2019h\u00e9bergements d\u2019urgence doit-on mettre en place\u00a0?<\/li>\n<\/ul>\n<p>Ce sont toutes ces questions qui doivent \u00eatre pos\u00e9es pour lutter contre les effets de la mis\u00e8re et non p\u00e9naliser les plus d\u00e9munis.<\/p>\n<p>Vivre Mieux Ensemble \u00e0 Aulnay organise une<\/p>\n<p style=\"text-align: center;\"><strong>R\u00c9UNION PUBLIQUE<\/strong><\/p>\n<p style=\"text-align: center;\"><strong>Mardi 13 mai 2014<\/strong> de 19h30 \u00e0 22h<br \/>\nSalle Dumont (pr\u00e8s de la Gare)<\/p>\n<p>Th\u00e8mes abord\u00e9s\u00a0:<\/p>\n<ul>\n<li>Arr\u00eat\u00e9 anti-mendicit\u00e9\u00a0: quelles r\u00e9actions face \u00e0 la criminalisation de la pauvret\u00e9\u00a0?<\/li>\n<li>\u00c9lections europ\u00e9ennes du dimanche 25 mai 2014. Quels enjeux pour quelle Europe ? Vues de gauches&#8230; Forum politique autour des enjeux de l\u2019\u00e9lection europ\u00e9enne en pr\u00e9sence de militants du Front de Gauche et d\u2019Europe \u00c9cologie-Les Verts.<\/li>\n<\/ul>\n<p><strong>Distribution de mendiants<\/strong><br \/>\nLe nouveau maire n\u2019avait pas h\u00e9sit\u00e9 \u00e0 distribuer des g\u00e2teaux lors de sa campagne \u00e9lectorale. De notre c\u00f4t\u00e9, nous distribuons des mendiants ce week-end sur les march\u00e9s afin d\u2019interpeller la population aulnaysienne sur l\u2019absurdit\u00e9 et l\u2019iniquit\u00e9 d\u2019une telle mesure.<\/p>\n","protected":false},"excerpt":{"rendered":"<p>Une des premi\u00e8res d\u00e9cisions du nouveau maire d\u2019Aulnay-sous-Bois a \u00e9t\u00e9 de prendre un arr\u00eat\u00e9 anti-mendicit\u00e9. Cet arr\u00eat\u00e9 constitue un acte discriminatoire en s\u2019attaquant aux droits des plus fragiles. Cette p\u00e9nalisation stigmatise les plus pr\u00e9caires, sans apporter de solution aux probl\u00e8mes de pauvret\u00e9 des Aulnaysiens. Vivre mieux, ensemble n\u2019accepte pas cette d\u00e9cision qui punit les victimes &hellip; <a href=\"https:\/\/vivremieux-aulnay.fr\/?p=32\" class=\"more-link\">Continuer la lecture de <span class=\"screen-reader-text\">R\u00e9union publique et action contre l&rsquo;arr\u00eat\u00e9 anti-mendicit\u00e9<\/span> <span class=\"meta-nav\">&rarr;<\/span><\/a><\/p>\n","protected":false},"author":1,"featured_media":0,"comment_status":"open","ping_status":"open","sticky":false,"template":"","format":"standard","meta":{"footnotes":""},"categories":[18,3,8],"tags":[13,11,9],"class_list":["post-32","post","type-post","status-publish","format-standard","hentry","category-discriminations","category-les-rencontres-aulnaysiennes-de-vme","category-manifestation","tag-arrete-anti-mendicite","tag-beschizza","tag-mendicite"],"_links":{"self":[{"href":"https:\/\/vivremieux-aulnay.fr\/index.php?rest_route=\/wp\/v2\/posts\/32","targetHints":{"allow":["GET"]}}],"collection":[{"href":"https:\/\/vivremieux-aulnay.fr\/index.php?rest_route=\/wp\/v2\/posts"}],"about":[{"href":"https:\/\/vivremieux-aulnay.fr\/index.php?rest_route=\/wp\/v2\/types\/post"}],"author":[{"embeddable":true,"href":"https:\/\/vivremieux-aulnay.fr\/index.php?rest_route=\/wp\/v2\/users\/1"}],"replies":[{"embeddable":true,"href":"https:\/\/vivremieux-aulnay.fr\/index.php?rest_route=%2Fwp%2Fv2%2Fcomments&post=32"}],"version-history":[{"count":4,"href":"https:\/\/vivremieux-aulnay.fr\/index.php?rest_route=\/wp\/v2\/posts\/32\/revisions"}],"predecessor-version":[{"id":38,"href":"https:\/\/vivremieux-aulnay.fr\/index.php?rest_route=\/wp\/v2\/posts\/32\/revisions\/38"}],"wp:attachment":[{"href":"https:\/\/vivremieux-aulnay.fr\/index.php?rest_route=%2Fwp%2Fv2%2Fmedia&parent=32"}],"wp:term":[{"taxonomy":"category","embeddable":true,"href":"https:\/\/vivremieux-aulnay.fr\/index.php?rest_route=%2Fwp%2Fv2%2Fcategories&post=32"},{"taxonomy":"post_tag","embeddable":true,"href":"https:\/\/vivremieux-aulnay.fr\/index.php?rest_route=%2Fwp%2Fv2%2Ftags&post=32"}],"curies":[{"name":"wp","href":"https:\/\/api.w.org\/{rel}","templated":true}]}}