{"id":318,"date":"2016-03-08T17:37:39","date_gmt":"2016-03-08T16:37:39","guid":{"rendered":"http:\/\/vivremieux-aulnay.fr\/?p=318"},"modified":"2016-03-08T17:39:48","modified_gmt":"2016-03-08T16:39:48","slug":"rencontre-du-10-mars-2016-le-diable-shabille-t-il-en-tafta","status":"publish","type":"post","link":"https:\/\/vivremieux-aulnay.fr\/?p=318","title":{"rendered":"Rencontre du 10 mars 2016: Le diable s&rsquo;habille t-il en TAFTA?"},"content":{"rendered":"<p><a class=\"link-to-pdf\" title=\"rencontre_du_10_mars_2016\" href=\"https:\/\/vivremieux-aulnay.fr\/wp-content\/uploads\/2016\/03\/rencontre_du_10_mars_2016.pdf\" target=\"_blank\" rel=\"attachment wp-att-319\"><img loading=\"lazy\" decoding=\"async\" class=\"size-medium wp-image-320 alignright\" src=\"https:\/\/vivremieux-aulnay.fr\/wp-content\/uploads\/2016\/03\/rencontre_du_10_mars_2016-pdf-232x300.jpg\" alt=\"thumbnail of rencontre_du_10_mars_2016\" width=\"232\" height=\"300\" srcset=\"https:\/\/vivremieux-aulnay.fr\/wp-content\/uploads\/2016\/03\/rencontre_du_10_mars_2016-pdf-232x300.jpg 232w, https:\/\/vivremieux-aulnay.fr\/wp-content\/uploads\/2016\/03\/rencontre_du_10_mars_2016-pdf.jpg 612w\" sizes=\"auto, (max-width: 232px) 100vw, 232px\" \/><\/a>La plus grande n\u00e9gociation commerciale bilat\u00e9rale de l\u2019histoire est tenue dans l\u2019opacit\u00e9 totale depuis 7 ans. Les n\u00e9gociateurs sont ainsi en train d\u2019esquisser secr\u00e8tement l\u2019avenir des citoyens europ\u00e9ens et am\u00e9ricains dans leur dos.<\/p>\n<p>Pourtant, <a href=\"https:\/\/www.youtube.com\/watch?v=zHK1HqW-FQ0&amp;feature=youtu.be\" target=\"_blank\">le TAFTA<\/a> pourrait installer une justice priv\u00e9e supranationale qui permettrait aux multinationales g\u00ean\u00e9es dans leur commerce de condamner les \u00c9tats qui refuseraient par exemple les OGM, les brevets logiciels ou le gaz de schiste. Avons-nous raison de penser que d\u00e9mocratie, environnement, alimentation ou normes sociales sont en danger ?<\/p>\n<p><strong>Pour y voir plus clair nous vous invitons le\u00a0Jeudi 10 mars 2016 \u00e0 19h30 \u00e0 la salle Dumont (face gare RER Aulnay),\u00a0Am\u00e9lie Canonne, pr\u00e9sidente de l\u2019association de solidarit\u00e9 internationale AITEC. <\/strong>Elle est aussi\u00a0ancienne d\u00e9l\u00e9gu\u00e9e g\u00e9n\u00e9rale d\u2019ATTAC qui conduit en France la campagne europ\u00e9enne d\u2019opposition au trait\u00e9 transatlantique.<\/p>\n","protected":false},"excerpt":{"rendered":"<p>La plus grande n\u00e9gociation commerciale bilat\u00e9rale de l\u2019histoire est tenue dans l\u2019opacit\u00e9 totale depuis 7 ans. Les n\u00e9gociateurs sont ainsi en train d\u2019esquisser secr\u00e8tement l\u2019avenir des citoyens europ\u00e9ens et am\u00e9ricains dans leur dos. Pourtant, le TAFTA pourrait installer une justice priv\u00e9e supranationale qui permettrait aux multinationales g\u00ean\u00e9es dans leur commerce de condamner les \u00c9tats qui &hellip; <a href=\"https:\/\/vivremieux-aulnay.fr\/?p=318\" class=\"more-link\">Continuer la lecture de <span class=\"screen-reader-text\">Rencontre du 10 mars 2016: Le diable s&rsquo;habille t-il en TAFTA?<\/span> <span class=\"meta-nav\">&rarr;<\/span><\/a><\/p>\n","protected":false},"author":2,"featured_media":0,"comment_status":"open","ping_status":"open","sticky":false,"template":"","format":"standard","meta":{"footnotes":""},"categories":[3],"tags":[],"class_list":["post-318","post","type-post","status-publish","format-standard","hentry","category-les-rencontres-aulnaysiennes-de-vme"],"_links":{"self":[{"href":"https:\/\/vivremieux-aulnay.fr\/index.php?rest_route=\/wp\/v2\/posts\/318","targetHints":{"allow":["GET"]}}],"collection":[{"href":"https:\/\/vivremieux-aulnay.fr\/index.php?rest_route=\/wp\/v2\/posts"}],"about":[{"href":"https:\/\/vivremieux-aulnay.fr\/index.php?rest_route=\/wp\/v2\/types\/post"}],"author":[{"embeddable":true,"href":"https:\/\/vivremieux-aulnay.fr\/index.php?rest_route=\/wp\/v2\/users\/2"}],"replies":[{"embeddable":true,"href":"https:\/\/vivremieux-aulnay.fr\/index.php?rest_route=%2Fwp%2Fv2%2Fcomments&post=318"}],"version-history":[{"count":1,"href":"https:\/\/vivremieux-aulnay.fr\/index.php?rest_route=\/wp\/v2\/posts\/318\/revisions"}],"predecessor-version":[{"id":321,"href":"https:\/\/vivremieux-aulnay.fr\/index.php?rest_route=\/wp\/v2\/posts\/318\/revisions\/321"}],"wp:attachment":[{"href":"https:\/\/vivremieux-aulnay.fr\/index.php?rest_route=%2Fwp%2Fv2%2Fmedia&parent=318"}],"wp:term":[{"taxonomy":"category","embeddable":true,"href":"https:\/\/vivremieux-aulnay.fr\/index.php?rest_route=%2Fwp%2Fv2%2Fcategories&post=318"},{"taxonomy":"post_tag","embeddable":true,"href":"https:\/\/vivremieux-aulnay.fr\/index.php?rest_route=%2Fwp%2Fv2%2Ftags&post=318"}],"curies":[{"name":"wp","href":"https:\/\/api.w.org\/{rel}","templated":true}]}}