{"id":309,"date":"2016-01-26T00:21:44","date_gmt":"2016-01-25T23:21:44","guid":{"rendered":"http:\/\/vivremieux-aulnay.fr\/?p=309"},"modified":"2016-06-26T18:41:35","modified_gmt":"2016-06-26T17:41:35","slug":"le-cap-trop-elitiste-nous-offrons-deux-places-a-m-beschizza-pour-quil-vienne-constater","status":"publish","type":"post","link":"https:\/\/vivremieux-aulnay.fr\/?p=309","title":{"rendered":"Le CAP Trop \u00ab\u00a0\u00e9litiste\u00a0\u00bb? Nous offrons deux places \u00e0 M. Beschizza pour qu&rsquo;il vienne constater"},"content":{"rendered":"<p><a href=\"https:\/\/vivremieux-aulnay.fr\/wp-content\/uploads\/2016\/01\/IllustrationLettreOuverte.jpg\"><img loading=\"lazy\" decoding=\"async\" class=\"alignright wp-image-312 size-medium\" src=\"https:\/\/vivremieux-aulnay.fr\/wp-content\/uploads\/2016\/01\/IllustrationLettreOuverte-225x300.jpg\" alt=\"\" width=\"225\" height=\"300\" srcset=\"https:\/\/vivremieux-aulnay.fr\/wp-content\/uploads\/2016\/01\/IllustrationLettreOuverte-225x300.jpg 225w, https:\/\/vivremieux-aulnay.fr\/wp-content\/uploads\/2016\/01\/IllustrationLettreOuverte.jpg 768w\" sizes=\"auto, (max-width: 225px) 100vw, 225px\" \/><\/a><\/p>\n<p>Lettre ouverte de l&rsquo;association Vivre Mieux Ensemble \u00e0 Aulnay-sous-Bois \u00e0<\/p>\n<p style=\"padding-left: 30px;\"><strong>M. Bruno Beschizza,<\/strong><br \/>\nMaire d&rsquo;Aulnay-sous-Bois,<br \/>\nConseiller r\u00e9gional,<br \/>\nPr\u00e9sident du territoire Paris Terres d\u2019envol<\/p>\n<p style=\"padding-left: 30px;\"><strong>M. S\u00e9bastien Morin,<\/strong><br \/>\nAdjoint charg\u00e9 de la culture \u00e0 Aulnay-sous-Bois<\/p>\n<p style=\"text-align: right;\">Aulnay-sous-Bois le 25 janvier 2015<\/p>\n<p style=\"text-align: left;\">Monsieur le Maire, Monsieur l\u2019Adjoint \u00e0 la culture,<\/p>\n<p style=\"text-align: left;\">Vous savez que nous sommes tr\u00e8s attach\u00e9s au CAP, structure qui a d\u2019ailleurs \u00e9t\u00e9 mise en place il y a 15 ans par Jean-Claude Abrioux, un de vos pr\u00e9d\u00e9cesseurs issu du m\u00eame parti politique que vous. La question transcende donc les clivages politiques et concerne directement le patrimoine des Aulnaysiens.<\/p>\n<p style=\"text-align: left;\">Nous avons \u00e9t\u00e9 pour le moins surpris de d\u00e9couvrir des mots qui vous sont pr\u00eat\u00e9s dans le Parisien du 18 janvier dernier dans lequel vous auriez d\u00e9clar\u00e9 que<strong> le CAP serait une salle \u00ab\u00a0<em>\u00e9litiste et destin\u00e9e aux Parisiens<\/em>\u00a0\u00bb<\/strong> et avoir rajout\u00e9 que <strong>\u00ab<em>\u00a0les habitants d&rsquo;Aulnay ne la fr\u00e9quentent pas<\/em>\u00a0\u00bb<\/strong>. Les deux phrases, si ce sont les v\u00f4tres, sonnent pour tous les habitu\u00e9s de cette structure comme de pures contrev\u00e9rit\u00e9s.<\/p>\n<p style=\"text-align: left;\">Nous esp\u00e9rons grandement que ceci soit issu d\u2019un profond malentendu et <strong>vous offrons deux billets pour le spectacle du 30 janvier<\/strong> afin que vous puissiez constater par vous-m\u00eame que la salle n\u2019est ni \u00e9litiste ni d\u00e9sert\u00e9e des Aulnaysiens, bien au contraire\u00a0! Comment les chanteurs de Zebda, pr\u00e9sents le 30 janvier, constitueraient une \u00ab\u00a0\u00e9lite\u00a0\u00bb alors qu\u2019ils sont les repr\u00e9sentants de la musique des quartiers populaires\u00a0? Un autre concert entre-temps a \u00e9t\u00e9 annul\u00e9 pour raisons politiques, celui de Jeanne Added (nomin\u00e9e aux victoires de la musique 2016 dans la cat\u00e9gorie \u00ab\u00a0album r\u00e9v\u00e9lation\u00a0\u00bb) qui apr\u00e8s avoir rempli la Cigale le 20 octobre dernier, est \u00e0 l&rsquo;Olympia ce 25 janvier \u00e0 guichets ferm\u00e9s. Ces salles repr\u00e9sentent-elles aussi l\u2019\u00e9litisme pour vous\u00a0?<\/p>\n<p style=\"text-align: left;\">Ce profond malentendu sur la culture demande \u00e0 \u00eatre lev\u00e9. En effet les Aulnaysiens m\u00e9ritent une programmation populaire de qualit\u00e9 comme celle propos\u00e9e au CAP. Les habitants, particuli\u00e8rement ceux des quartiers populaires, doivent pouvoir acc\u00e9der \u00e0 une programmation exigeante et non au rabais. Il faut \u00eatre fiers de la fr\u00e9quentation de la salle par quelques Parisiens qui repartent avec une autre image de notre ville et surtout de ses quartiers nord.<\/p>\n<p style=\"text-align: left;\">Il n\u2019y a pas d\u2019avenir \u00e0 se recroqueviller sur une m\u00e9diocrit\u00e9 par nature sans ambition. Il n\u2019y a ainsi pas de gloire \u00e0 retirer les moyens du CAP pour l\u2019emp\u00eacher de rayonner dans et hors de notre ville. <strong>Le d\u00e9veloppement \u00e9conomique de notre ville a besoin de structures montrant notre dynamisme<\/strong>, notre ouverture \u00e0 devenir un p\u00f4le culturel du nouveau territoire \u00ab\u00a0Paris Terres d\u2019Envol\u00a0\u00bb\u00a0.<\/p>\n<p style=\"text-align: left;\">Venez au CAP pour comprendre combien cette salle en est une pi\u00e8ce ma\u00eetresse\u00a0!<\/p>\n<p style=\"text-align: left;\">Recevez, Messieurs, nos plus cordiales et inqui\u00e8tes salutations culturelles.<\/p>\n","protected":false},"excerpt":{"rendered":"<p>Lettre ouverte de l&rsquo;association Vivre Mieux Ensemble \u00e0 Aulnay-sous-Bois \u00e0 M. Bruno Beschizza, Maire d&rsquo;Aulnay-sous-Bois, Conseiller r\u00e9gional, Pr\u00e9sident du territoire Paris Terres d\u2019envol M. S\u00e9bastien Morin, Adjoint charg\u00e9 de la culture \u00e0 Aulnay-sous-Bois Aulnay-sous-Bois le 25 janvier 2015 Monsieur le Maire, Monsieur l\u2019Adjoint \u00e0 la culture, Vous savez que nous sommes tr\u00e8s attach\u00e9s au CAP, &hellip; <a href=\"https:\/\/vivremieux-aulnay.fr\/?p=309\" class=\"more-link\">Continuer la lecture de <span class=\"screen-reader-text\">Le CAP Trop \u00ab\u00a0\u00e9litiste\u00a0\u00bb? Nous offrons deux places \u00e0 M. Beschizza pour qu&rsquo;il vienne constater<\/span> <span class=\"meta-nav\">&rarr;<\/span><\/a><\/p>\n","protected":false},"author":1,"featured_media":0,"comment_status":"open","ping_status":"open","sticky":false,"template":"","format":"standard","meta":{"footnotes":""},"categories":[16,17],"tags":[],"class_list":["post-309","post","type-post","status-publish","format-standard","hentry","category-communique","category-europacity"],"_links":{"self":[{"href":"https:\/\/vivremieux-aulnay.fr\/index.php?rest_route=\/wp\/v2\/posts\/309","targetHints":{"allow":["GET"]}}],"collection":[{"href":"https:\/\/vivremieux-aulnay.fr\/index.php?rest_route=\/wp\/v2\/posts"}],"about":[{"href":"https:\/\/vivremieux-aulnay.fr\/index.php?rest_route=\/wp\/v2\/types\/post"}],"author":[{"embeddable":true,"href":"https:\/\/vivremieux-aulnay.fr\/index.php?rest_route=\/wp\/v2\/users\/1"}],"replies":[{"embeddable":true,"href":"https:\/\/vivremieux-aulnay.fr\/index.php?rest_route=%2Fwp%2Fv2%2Fcomments&post=309"}],"version-history":[{"count":6,"href":"https:\/\/vivremieux-aulnay.fr\/index.php?rest_route=\/wp\/v2\/posts\/309\/revisions"}],"predecessor-version":[{"id":316,"href":"https:\/\/vivremieux-aulnay.fr\/index.php?rest_route=\/wp\/v2\/posts\/309\/revisions\/316"}],"wp:attachment":[{"href":"https:\/\/vivremieux-aulnay.fr\/index.php?rest_route=%2Fwp%2Fv2%2Fmedia&parent=309"}],"wp:term":[{"taxonomy":"category","embeddable":true,"href":"https:\/\/vivremieux-aulnay.fr\/index.php?rest_route=%2Fwp%2Fv2%2Fcategories&post=309"},{"taxonomy":"post_tag","embeddable":true,"href":"https:\/\/vivremieux-aulnay.fr\/index.php?rest_route=%2Fwp%2Fv2%2Ftags&post=309"}],"curies":[{"name":"wp","href":"https:\/\/api.w.org\/{rel}","templated":true}]}}