{"id":302,"date":"2016-01-12T00:58:46","date_gmt":"2016-01-11T23:58:46","guid":{"rendered":"http:\/\/vivremieux-aulnay.fr\/?p=302"},"modified":"2016-01-12T11:49:03","modified_gmt":"2016-01-12T10:49:03","slug":"des-elus-et-des-aulnaysiens-decouvrent-que-le-cap-est-en-danger","status":"publish","type":"post","link":"https:\/\/vivremieux-aulnay.fr\/?p=302","title":{"rendered":"Des \u00e9lus et des Aulnaysiens d\u00e9couvrent que le CAP est en danger!"},"content":{"rendered":"<figure id=\"attachment_304\" aria-describedby=\"caption-attachment-304\" style=\"width: 212px\" class=\"wp-caption alignright\"><a class=\"link-to-pdf\" title=\"Tract distribu\u00e9 le 10 janvier\" href=\"https:\/\/vivremieux-aulnay.fr\/wp-content\/uploads\/2016\/01\/TractCAP2.pdf\" target=\"_blank\" rel=\"attachment wp-att-304\"><img loading=\"lazy\" decoding=\"async\" class=\"size-medium wp-image-305\" src=\"https:\/\/vivremieux-aulnay.fr\/wp-content\/uploads\/2016\/01\/TractCAP2-pdf-212x300.jpg\" alt=\"thumbnail of TractCAP2\" width=\"212\" height=\"300\" srcset=\"https:\/\/vivremieux-aulnay.fr\/wp-content\/uploads\/2016\/01\/TractCAP2-pdf-212x300.jpg 212w, https:\/\/vivremieux-aulnay.fr\/wp-content\/uploads\/2016\/01\/TractCAP2-pdf.jpg 595w\" sizes=\"auto, (max-width: 212px) 100vw, 212px\" \/><\/a><figcaption id=\"caption-attachment-304\" class=\"wp-caption-text\">Tract distribu\u00e9 le 10 janvier<\/figcaption><\/figure>\n<p>\u00c0 l\u2019appel de l\u2019association VME, samedi 10 janvier, une vingtaine d\u2019Aulnaysiens se sont invit\u00e9s aux v\u0153ux du maire pour d\u00e9noncer la d\u00e9sagr\u00e9gation du CAP organis\u00e9e par l\u2019ex\u00e9cutif municipal. Nombre d\u2019\u00e9lus de la majorit\u00e9 semblaient d\u00e9couvrir que l\u2019\u0153uvre de Jean-Claude Abrioux, cr\u00e9\u00e9e il y a 15 ans, allait \u00eatre r\u00e9duite \u00e0 un petit \u00e9quipement de quartier. En effet, <strong>dans le plus grand silence, la salle est en train d\u2019\u00eatre litt\u00e9ralement asphyxi\u00e9e<\/strong> (refus d\u2019accepter le label national de sc\u00e8ne de Musiques actuelles, baisse drastique des subventions municipales et du nombre d\u2019employ\u00e9s, retrait de ses moyens de communication, division par 4 ou 5 du nombre de spectacles).<\/p>\n<p>Quelques \u00e9lus au courant de la situation r\u00e9p\u00e9taient l\u2019\u00e9l\u00e9ment de langage \u00ab\u00a0le CAP ne profite pas assez aux Aulnaysiens\u00a0\u00bb en critiquant le fait qu\u2019une part du public vienne des villes voisines, voire de Paris. Cet argument est \u00e0 refuser triplement\u00a0:<\/p>\n<ul>\n<li>Il est profond\u00e9ment choquant, car il m\u00e9conna\u00eet la nature m\u00eame de la culture qui est par essence une ouverture aux autres.<\/li>\n<li>Il est absurde, car il oublie que les Aulnaysiens vont aussi se cultiver dans d\u2019autres villes.<\/li>\n<li>Il d\u00e9montre un manque d\u2019ambition en oubliant que cette ouverture participe du rayonnement de notre ville.<\/li>\n<\/ul>\n<p>Dans une ville qui souffre trop souvent d\u2019une image n\u00e9gative, ne nous replions pas sur nous-m\u00eames et soyons fiers de faire rayonner cet \u00e9quipement dans toute l\u2019\u00cele-de-France\u00a0!<\/p>\n<p><a href=\"http:\/\/pour-la-culture-aulnay.fr\/\">Vous pouvez rejoindre l&rsquo;appel pour la culture \u00e0 Aulnay en cliquant ici.<\/a><\/p>\n","protected":false},"excerpt":{"rendered":"<p>\u00c0 l\u2019appel de l\u2019association VME, samedi 10 janvier, une vingtaine d\u2019Aulnaysiens se sont invit\u00e9s aux v\u0153ux du maire pour d\u00e9noncer la d\u00e9sagr\u00e9gation du CAP organis\u00e9e par l\u2019ex\u00e9cutif municipal. Nombre d\u2019\u00e9lus de la majorit\u00e9 semblaient d\u00e9couvrir que l\u2019\u0153uvre de Jean-Claude Abrioux, cr\u00e9\u00e9e il y a 15 ans, allait \u00eatre r\u00e9duite \u00e0 un petit \u00e9quipement de quartier. &hellip; <a href=\"https:\/\/vivremieux-aulnay.fr\/?p=302\" class=\"more-link\">Continuer la lecture de <span class=\"screen-reader-text\">Des \u00e9lus et des Aulnaysiens d\u00e9couvrent que le CAP est en danger!<\/span> <span class=\"meta-nav\">&rarr;<\/span><\/a><\/p>\n","protected":false},"author":1,"featured_media":0,"comment_status":"open","ping_status":"open","sticky":false,"template":"","format":"standard","meta":{"footnotes":""},"categories":[16,8],"tags":[],"class_list":["post-302","post","type-post","status-publish","format-standard","hentry","category-communique","category-manifestation"],"_links":{"self":[{"href":"https:\/\/vivremieux-aulnay.fr\/index.php?rest_route=\/wp\/v2\/posts\/302","targetHints":{"allow":["GET"]}}],"collection":[{"href":"https:\/\/vivremieux-aulnay.fr\/index.php?rest_route=\/wp\/v2\/posts"}],"about":[{"href":"https:\/\/vivremieux-aulnay.fr\/index.php?rest_route=\/wp\/v2\/types\/post"}],"author":[{"embeddable":true,"href":"https:\/\/vivremieux-aulnay.fr\/index.php?rest_route=\/wp\/v2\/users\/1"}],"replies":[{"embeddable":true,"href":"https:\/\/vivremieux-aulnay.fr\/index.php?rest_route=%2Fwp%2Fv2%2Fcomments&post=302"}],"version-history":[{"count":4,"href":"https:\/\/vivremieux-aulnay.fr\/index.php?rest_route=\/wp\/v2\/posts\/302\/revisions"}],"predecessor-version":[{"id":308,"href":"https:\/\/vivremieux-aulnay.fr\/index.php?rest_route=\/wp\/v2\/posts\/302\/revisions\/308"}],"wp:attachment":[{"href":"https:\/\/vivremieux-aulnay.fr\/index.php?rest_route=%2Fwp%2Fv2%2Fmedia&parent=302"}],"wp:term":[{"taxonomy":"category","embeddable":true,"href":"https:\/\/vivremieux-aulnay.fr\/index.php?rest_route=%2Fwp%2Fv2%2Fcategories&post=302"},{"taxonomy":"post_tag","embeddable":true,"href":"https:\/\/vivremieux-aulnay.fr\/index.php?rest_route=%2Fwp%2Fv2%2Ftags&post=302"}],"curies":[{"name":"wp","href":"https:\/\/api.w.org\/{rel}","templated":true}]}}