{"id":297,"date":"2016-01-02T09:27:22","date_gmt":"2016-01-02T08:27:22","guid":{"rendered":"http:\/\/vivremieux-aulnay.fr\/?p=297"},"modified":"2017-11-23T12:00:40","modified_gmt":"2017-11-23T11:00:40","slug":"meilleurs-voeux-a-toutes-et-a-tous","status":"publish","type":"post","link":"https:\/\/vivremieux-aulnay.fr\/?p=297","title":{"rendered":"Meilleurs voeux \u00e0 toutes et \u00e0 tous"},"content":{"rendered":"<p><a href=\"https:\/\/vivremieux-aulnay.fr\/wp-content\/uploads\/2016\/01\/carte-virtuelle-gratuite-bonne-annee-2016.jpg\" rel=\"attachment wp-att-298\"><img loading=\"lazy\" decoding=\"async\" class=\"size-medium wp-image-298 alignright\" src=\"https:\/\/vivremieux-aulnay.fr\/wp-content\/uploads\/2016\/01\/carte-virtuelle-gratuite-bonne-annee-2016-300x200.jpg\" alt=\"carte-virtuelle-gratuite-bonne-annee-2016\" width=\"300\" height=\"200\" srcset=\"https:\/\/vivremieux-aulnay.fr\/wp-content\/uploads\/2016\/01\/carte-virtuelle-gratuite-bonne-annee-2016-300x200.jpg 300w, https:\/\/vivremieux-aulnay.fr\/wp-content\/uploads\/2016\/01\/carte-virtuelle-gratuite-bonne-annee-2016.jpg 400w\" sizes=\"auto, (max-width: 300px) 100vw, 300px\" \/><\/a>\u00ab\u00a0Vivre Mieux Ensemble\u00a0\u00bb vous adresse tous ses voeux pour cette nouvelle ann\u00e9e.<\/p>\n<p>En 2015, notre association a propos\u00e9 6 d\u00e9bats publics, a particip\u00e9 \u00e0 des actions (Europacity, lutte contre le PLU, participation au forum des associations) et a aid\u00e9 \u00e0 la mise en place d&rsquo;un SEL (Service d&rsquo;Echange Local) au doux nom de \u00ab\u00a0Echangeons Mieux Ensemble.<\/p>\n<p>Soyez certains que nous ferons notre possible pour continuer ainsi.<\/p>\n","protected":false},"excerpt":{"rendered":"<p>\u00ab\u00a0Vivre Mieux Ensemble\u00a0\u00bb vous adresse tous ses voeux pour cette nouvelle ann\u00e9e. En 2015, notre association a propos\u00e9 6 d\u00e9bats publics, a particip\u00e9 \u00e0 des actions (Europacity, lutte contre le PLU, participation au forum des associations) et a aid\u00e9 \u00e0 la mise en place d&rsquo;un SEL (Service d&rsquo;Echange Local) au doux nom de \u00ab\u00a0Echangeons Mieux &hellip; <a href=\"https:\/\/vivremieux-aulnay.fr\/?p=297\" class=\"more-link\">Continuer la lecture de <span class=\"screen-reader-text\">Meilleurs voeux \u00e0 toutes et \u00e0 tous<\/span> <span class=\"meta-nav\">&rarr;<\/span><\/a><\/p>\n","protected":false},"author":2,"featured_media":0,"comment_status":"open","ping_status":"open","sticky":false,"template":"","format":"standard","meta":{"footnotes":""},"categories":[19],"tags":[],"class_list":["post-297","post","type-post","status-publish","format-standard","hentry","category-la-vie-de-vme"],"_links":{"self":[{"href":"https:\/\/vivremieux-aulnay.fr\/index.php?rest_route=\/wp\/v2\/posts\/297","targetHints":{"allow":["GET"]}}],"collection":[{"href":"https:\/\/vivremieux-aulnay.fr\/index.php?rest_route=\/wp\/v2\/posts"}],"about":[{"href":"https:\/\/vivremieux-aulnay.fr\/index.php?rest_route=\/wp\/v2\/types\/post"}],"author":[{"embeddable":true,"href":"https:\/\/vivremieux-aulnay.fr\/index.php?rest_route=\/wp\/v2\/users\/2"}],"replies":[{"embeddable":true,"href":"https:\/\/vivremieux-aulnay.fr\/index.php?rest_route=%2Fwp%2Fv2%2Fcomments&post=297"}],"version-history":[{"count":2,"href":"https:\/\/vivremieux-aulnay.fr\/index.php?rest_route=\/wp\/v2\/posts\/297\/revisions"}],"predecessor-version":[{"id":300,"href":"https:\/\/vivremieux-aulnay.fr\/index.php?rest_route=\/wp\/v2\/posts\/297\/revisions\/300"}],"wp:attachment":[{"href":"https:\/\/vivremieux-aulnay.fr\/index.php?rest_route=%2Fwp%2Fv2%2Fmedia&parent=297"}],"wp:term":[{"taxonomy":"category","embeddable":true,"href":"https:\/\/vivremieux-aulnay.fr\/index.php?rest_route=%2Fwp%2Fv2%2Fcategories&post=297"},{"taxonomy":"post_tag","embeddable":true,"href":"https:\/\/vivremieux-aulnay.fr\/index.php?rest_route=%2Fwp%2Fv2%2Ftags&post=297"}],"curies":[{"name":"wp","href":"https:\/\/api.w.org\/{rel}","templated":true}]}}