{"id":29,"date":"2014-05-13T12:39:33","date_gmt":"2014-05-13T11:39:33","guid":{"rendered":"http:\/\/vivremieux-aulnay.fr\/?p=29"},"modified":"2017-11-23T11:56:09","modified_gmt":"2017-11-23T10:56:09","slug":"notre-action-contre-larrete-anti-mendicite-dans-le-parisien","status":"publish","type":"post","link":"https:\/\/vivremieux-aulnay.fr\/?p=29","title":{"rendered":"Notre action contre l&rsquo;arr\u00eat\u00e9 anti mendicit\u00e9 dans le Parisien"},"content":{"rendered":"<p>Vous retrouverez ci-dessous un article du Parisien \u00e9dition 93 concernant notre action contre l\u2019arr\u00eat\u00e9 anti-mendicit\u00e9 du nouveau maire d&rsquo;Aulnay-sous-Bois.<a href=\"https:\/\/vivremieux-aulnay.fr\/wp-content\/uploads\/2014\/10\/mendiants-12-05-2014-leParisien.fr_.png\"><img loading=\"lazy\" decoding=\"async\" class=\"aligncenter size-large wp-image-30\" src=\"https:\/\/vivremieux-aulnay.fr\/wp-content\/uploads\/2014\/10\/mendiants-12-05-2014-leParisien.fr_-430x1024.png\" alt=\"mendiants-12-05-2014-leParisien.fr\" width=\"430\" height=\"1024\" srcset=\"https:\/\/vivremieux-aulnay.fr\/wp-content\/uploads\/2014\/10\/mendiants-12-05-2014-leParisien.fr_-430x1024.png 430w, https:\/\/vivremieux-aulnay.fr\/wp-content\/uploads\/2014\/10\/mendiants-12-05-2014-leParisien.fr_-126x300.png 126w, https:\/\/vivremieux-aulnay.fr\/wp-content\/uploads\/2014\/10\/mendiants-12-05-2014-leParisien.fr_.png 645w\" sizes=\"auto, (max-width: 430px) 100vw, 430px\" \/><\/a><br \/>\n<a href=\"https:\/\/vivremieux-aulnay.fr\/wp-content\/uploads\/2014\/10\/wpid-tractage-3.jpg\"><img decoding=\"async\" class=\"alignnone size-full\" style=\"width: 640px; max-width: 640px;\" title=\"wpid-tractage-3.jpg\" src=\"https:\/\/vivremieux-aulnay.fr\/wp-content\/uploads\/2014\/10\/wpid-tractage-3.jpg?w=640\" alt=\"image\" \/><\/a><\/p>\n","protected":false},"excerpt":{"rendered":"<p>Vous retrouverez ci-dessous un article du Parisien \u00e9dition 93 concernant notre action contre l\u2019arr\u00eat\u00e9 anti-mendicit\u00e9 du nouveau maire d&rsquo;Aulnay-sous-Bois.<\/p>\n","protected":false},"author":1,"featured_media":0,"comment_status":"open","ping_status":"open","sticky":false,"template":"","format":"standard","meta":{"footnotes":""},"categories":[18,8,4],"tags":[13,10,11,12,9],"class_list":["post-29","post","type-post","status-publish","format-standard","hentry","category-discriminations","category-manifestation","category-medias","tag-arrete-anti-mendicite","tag-aulnay","tag-beschizza","tag-le-parisien","tag-mendicite"],"_links":{"self":[{"href":"https:\/\/vivremieux-aulnay.fr\/index.php?rest_route=\/wp\/v2\/posts\/29","targetHints":{"allow":["GET"]}}],"collection":[{"href":"https:\/\/vivremieux-aulnay.fr\/index.php?rest_route=\/wp\/v2\/posts"}],"about":[{"href":"https:\/\/vivremieux-aulnay.fr\/index.php?rest_route=\/wp\/v2\/types\/post"}],"author":[{"embeddable":true,"href":"https:\/\/vivremieux-aulnay.fr\/index.php?rest_route=\/wp\/v2\/users\/1"}],"replies":[{"embeddable":true,"href":"https:\/\/vivremieux-aulnay.fr\/index.php?rest_route=%2Fwp%2Fv2%2Fcomments&post=29"}],"version-history":[{"count":3,"href":"https:\/\/vivremieux-aulnay.fr\/index.php?rest_route=\/wp\/v2\/posts\/29\/revisions"}],"predecessor-version":[{"id":542,"href":"https:\/\/vivremieux-aulnay.fr\/index.php?rest_route=\/wp\/v2\/posts\/29\/revisions\/542"}],"wp:attachment":[{"href":"https:\/\/vivremieux-aulnay.fr\/index.php?rest_route=%2Fwp%2Fv2%2Fmedia&parent=29"}],"wp:term":[{"taxonomy":"category","embeddable":true,"href":"https:\/\/vivremieux-aulnay.fr\/index.php?rest_route=%2Fwp%2Fv2%2Fcategories&post=29"},{"taxonomy":"post_tag","embeddable":true,"href":"https:\/\/vivremieux-aulnay.fr\/index.php?rest_route=%2Fwp%2Fv2%2Ftags&post=29"}],"curies":[{"name":"wp","href":"https:\/\/api.w.org\/{rel}","templated":true}]}}