{"id":280,"date":"2015-12-17T09:21:55","date_gmt":"2015-12-17T08:21:55","guid":{"rendered":"http:\/\/vivremieux-aulnay.fr\/?p=280"},"modified":"2015-12-17T09:44:15","modified_gmt":"2015-12-17T08:44:15","slug":"plu-notre-association-a-porte-la-contradiction-au-conseil-municipal","status":"publish","type":"post","link":"https:\/\/vivremieux-aulnay.fr\/?p=280","title":{"rendered":"PLU: Notre association a port\u00e9 la contradiction au Conseil Municipal"},"content":{"rendered":"<figure id=\"attachment_281\" aria-describedby=\"caption-attachment-281\" style=\"width: 604px\" class=\"wp-caption alignnone\"><a href=\"https:\/\/vivremieux-aulnay.fr\/wp-content\/uploads\/2015\/12\/VME-ConseilMunicipal.jpg\" rel=\"attachment wp-att-281\"><img loading=\"lazy\" decoding=\"async\" class=\"wp-image-281 size-large\" src=\"https:\/\/vivremieux-aulnay.fr\/wp-content\/uploads\/2015\/12\/VME-ConseilMunicipal-1024x325.jpg\" alt=\"\" width=\"604\" height=\"192\" srcset=\"https:\/\/vivremieux-aulnay.fr\/wp-content\/uploads\/2015\/12\/VME-ConseilMunicipal.jpg 1024w, https:\/\/vivremieux-aulnay.fr\/wp-content\/uploads\/2015\/12\/VME-ConseilMunicipal-300x95.jpg 300w, https:\/\/vivremieux-aulnay.fr\/wp-content\/uploads\/2015\/12\/VME-ConseilMunicipal-768x244.jpg 768w\" sizes=\"auto, (max-width: 604px) 100vw, 604px\" \/><\/a><figcaption id=\"caption-attachment-281\" class=\"wp-caption-text\">Photo de notre banderole \u00ab\u00a0Elu, ton PLU laisse b\u00e9ton\u00a0\u00bb malgr\u00e9 la consigne d&rsquo;interdiction de prise de photo donn\u00e9e au service de s\u00e9curit\u00e9 de la mairie.<\/figcaption><\/figure>\n<figure id=\"attachment_278\" aria-describedby=\"caption-attachment-278\" style=\"width: 207px\" class=\"wp-caption alignright\"><a class=\"link-to-pdf\" title=\"tract\" href=\"https:\/\/vivremieux-aulnay.fr\/wp-content\/uploads\/2015\/12\/tract.pdf\" target=\"_blank\" rel=\"attachment wp-att-277\"><img loading=\"lazy\" decoding=\"async\" class=\"wp-image-278\" src=\"https:\/\/vivremieux-aulnay.fr\/wp-content\/uploads\/2015\/12\/tract-pdf-300x212.jpg\" alt=\"thumbnail of tract\" width=\"207\" height=\"146\" srcset=\"https:\/\/vivremieux-aulnay.fr\/wp-content\/uploads\/2015\/12\/tract-pdf-300x212.jpg 300w, https:\/\/vivremieux-aulnay.fr\/wp-content\/uploads\/2015\/12\/tract-pdf-768x543.jpg 768w, https:\/\/vivremieux-aulnay.fr\/wp-content\/uploads\/2015\/12\/tract-pdf.jpg 842w\" sizes=\"auto, (max-width: 207px) 100vw, 207px\" \/><\/a><figcaption id=\"caption-attachment-278\" class=\"wp-caption-text\">Tract de VME<\/figcaption><\/figure>\n<p>Notre association \u00e9tait pr\u00e9sente ce mercredi 16 d\u00e9cembre 2015 au conseil municipal pour distribuer aux \u00e9lus un nouveau \u00ab\u00a0biscuit d&rsquo;Aulnay\u00a0\u00bb (<a href=\"https:\/\/vivremieux-aulnay.fr\/?p=274\">lire les explications ici<\/a>), et <a href=\"https:\/\/vivremieux-aulnay.fr\/wp-content\/uploads\/2015\/12\/tract.pdf\">un tract<\/a> pour rappeler ses promesses du maire. Nous avons mis les \u00e9lus de la majorit\u00e9 actuelle face \u00e0 leurs responsabilit\u00e9s de devoir aujourd&rsquo;hui voter un projet diam\u00e9tralement en contradiction avec leurs promesses. Personne n&rsquo;a os\u00e9 braver la consigne de vote du maire mais ils ne pourront pas dire qu&rsquo;ils n&rsquo;\u00e9taient pas pr\u00e9venus!<\/p>\n<figure id=\"attachment_286\" aria-describedby=\"caption-attachment-286\" style=\"width: 156px\" class=\"wp-caption alignright\"><a class=\"link-to-pdf\" title=\"Tract-PLU-CM-1\" href=\"https:\/\/vivremieux-aulnay.fr\/wp-content\/uploads\/2015\/12\/Tract-PLU-CM-1.pdf\" target=\"_blank\" rel=\"attachment wp-att-285\"><img loading=\"lazy\" decoding=\"async\" class=\"wp-image-286\" src=\"https:\/\/vivremieux-aulnay.fr\/wp-content\/uploads\/2015\/12\/Tract-PLU-CM-1-pdf-212x300.jpg\" alt=\"thumbnail of Tract-PLU-CM-1\" width=\"156\" height=\"221\" srcset=\"https:\/\/vivremieux-aulnay.fr\/wp-content\/uploads\/2015\/12\/Tract-PLU-CM-1-pdf-212x300.jpg 212w, https:\/\/vivremieux-aulnay.fr\/wp-content\/uploads\/2015\/12\/Tract-PLU-CM-1-pdf.jpg 595w\" sizes=\"auto, (max-width: 156px) 100vw, 156px\" \/><\/a><figcaption id=\"caption-attachment-286\" class=\"wp-caption-text\">Tract de l&rsquo;association Aulnay Environnement<\/figcaption><\/figure>\n<p>L&rsquo;association Aulnay Environnement \u00e9tait elle aussi pr\u00e9sente et distribuait <a href=\"https:\/\/vivremieux-aulnay.fr\/wp-content\/uploads\/2015\/12\/Tract-PLU-CM-1.pdf\">un autre tract<\/a> d\u00e9non\u00e7ant la fausse concertation et les promesses de campagne \u00e9lectorales oubli\u00e9es.<\/p>\n<p>L&rsquo;adjoint \u00e0 l&rsquo;urbanisme a tent\u00e9 de se justifier en indiquant notamment que la disparition des cartes des espaces verts ne rendait pas automatique la disparition effective des espaces verts. Il a aussi d\u00e9nigr\u00e9 le chiffre de 15ha d&rsquo;espaces verts ray\u00e9s de la carte que nous avan\u00e7ons en disant qu&rsquo;il \u00e9tait faux de compter la disparition d&rsquo;espaces verts sur le site de PSA. M. Cahenzly a-t-il lu <a href=\"https:\/\/vivremieux-aulnay.fr\/wp-content\/uploads\/2015\/12\/contributionV2bis.compressed1.pdf\">les contributions<\/a> qui dressent l&rsquo;inventaire des espaces verts sacrifi\u00e9s des cartes et qui ne parlent pas du terrain de PSA \u00e0 ce titre? Est-ce une confusion ou un mensonge de sa part?<\/p>\n<p>Notre association doit se concerter pour savoir quelle suite nous allons donner \u00e0 cette affaire.<\/p>\n","protected":false},"excerpt":{"rendered":"<p>Notre association \u00e9tait pr\u00e9sente ce mercredi 16 d\u00e9cembre 2015 au conseil municipal pour distribuer aux \u00e9lus un nouveau \u00ab\u00a0biscuit d&rsquo;Aulnay\u00a0\u00bb (lire les explications ici), et un tract pour rappeler ses promesses du maire. Nous avons mis les \u00e9lus de la majorit\u00e9 actuelle face \u00e0 leurs responsabilit\u00e9s de devoir aujourd&rsquo;hui voter un projet diam\u00e9tralement en contradiction &hellip; <a href=\"https:\/\/vivremieux-aulnay.fr\/?p=280\" class=\"more-link\">Continuer la lecture de <span class=\"screen-reader-text\">PLU: Notre association a port\u00e9 la contradiction au Conseil Municipal<\/span> <span class=\"meta-nav\">&rarr;<\/span><\/a><\/p>\n","protected":false},"author":1,"featured_media":0,"comment_status":"open","ping_status":"open","sticky":false,"template":"","format":"standard","meta":{"footnotes":""},"categories":[8],"tags":[],"class_list":["post-280","post","type-post","status-publish","format-standard","hentry","category-manifestation"],"_links":{"self":[{"href":"https:\/\/vivremieux-aulnay.fr\/index.php?rest_route=\/wp\/v2\/posts\/280","targetHints":{"allow":["GET"]}}],"collection":[{"href":"https:\/\/vivremieux-aulnay.fr\/index.php?rest_route=\/wp\/v2\/posts"}],"about":[{"href":"https:\/\/vivremieux-aulnay.fr\/index.php?rest_route=\/wp\/v2\/types\/post"}],"author":[{"embeddable":true,"href":"https:\/\/vivremieux-aulnay.fr\/index.php?rest_route=\/wp\/v2\/users\/1"}],"replies":[{"embeddable":true,"href":"https:\/\/vivremieux-aulnay.fr\/index.php?rest_route=%2Fwp%2Fv2%2Fcomments&post=280"}],"version-history":[{"count":9,"href":"https:\/\/vivremieux-aulnay.fr\/index.php?rest_route=\/wp\/v2\/posts\/280\/revisions"}],"predecessor-version":[{"id":295,"href":"https:\/\/vivremieux-aulnay.fr\/index.php?rest_route=\/wp\/v2\/posts\/280\/revisions\/295"}],"wp:attachment":[{"href":"https:\/\/vivremieux-aulnay.fr\/index.php?rest_route=%2Fwp%2Fv2%2Fmedia&parent=280"}],"wp:term":[{"taxonomy":"category","embeddable":true,"href":"https:\/\/vivremieux-aulnay.fr\/index.php?rest_route=%2Fwp%2Fv2%2Fcategories&post=280"},{"taxonomy":"post_tag","embeddable":true,"href":"https:\/\/vivremieux-aulnay.fr\/index.php?rest_route=%2Fwp%2Fv2%2Ftags&post=280"}],"curies":[{"name":"wp","href":"https:\/\/api.w.org\/{rel}","templated":true}]}}