{"id":274,"date":"2015-12-15T17:05:10","date_gmt":"2015-12-15T16:05:10","guid":{"rendered":"http:\/\/vivremieux-aulnay.fr\/?p=274"},"modified":"2015-12-15T17:05:10","modified_gmt":"2015-12-15T16:05:10","slug":"contre-le-plu-un-nouveau-biscuit-daulnay-sera-distribue-aux-conseillers-municipaux","status":"publish","type":"post","link":"https:\/\/vivremieux-aulnay.fr\/?p=274","title":{"rendered":"Contre le PLU, un nouveau \u00ab\u00a0biscuit d&rsquo;Aulnay\u00a0\u00bb sera distribu\u00e9 aux conseillers municipaux"},"content":{"rendered":"<p>Communiqu\u00e9 de presse, Aulnay-sous-Bois le 15 d\u00e9cembre 2015.<\/p>\n<h3>L&rsquo;association Vivre Mieux Ensemble va rappeler ses promesses au maire<\/h3>\n<p><a class=\"link-to-pdf\" title=\"CP-2015-12-14-PLU\" href=\"https:\/\/vivremieux-aulnay.fr\/wp-content\/uploads\/2015\/12\/CP-2015-12-14-PLU.pdf\" target=\"_blank\" rel=\"attachment wp-att-275\"><img loading=\"lazy\" decoding=\"async\" class=\"alignright size-medium wp-image-276\" src=\"https:\/\/vivremieux-aulnay.fr\/wp-content\/uploads\/2015\/12\/CP-2015-12-14-PLU-pdf-212x300.jpg\" alt=\"thumbnail of CP-2015-12-14-PLU\" width=\"212\" height=\"300\" srcset=\"https:\/\/vivremieux-aulnay.fr\/wp-content\/uploads\/2015\/12\/CP-2015-12-14-PLU-pdf-212x300.jpg 212w, https:\/\/vivremieux-aulnay.fr\/wp-content\/uploads\/2015\/12\/CP-2015-12-14-PLU-pdf.jpg 595w\" sizes=\"auto, (max-width: 212px) 100vw, 212px\" \/><\/a>Avant d&rsquo;\u00eatre \u00e9lu, M. Beschizza distribuait des g\u00e2teaux en forme de feuille d&rsquo;aulne avec des promesses d&rsquo;\u00a0\u00ab\u00a0arr\u00eat du b\u00e9tonnage\u00a0\u00bb. Les aulnes en d\u00e9cembre n&rsquo;ont plus de feuilles, les promesses ont disparu. Lors du conseil municipal du 16 d\u00e9cembre, nous offrirons aux \u00e9lus des g\u00e2teaux en forme de sapin, eux gardent leur parure\u00a0!<\/p>\n<p><strong>PSA transform\u00e9 en cit\u00e9 dortoir, des tours de 46m de haut, 15 ha d&rsquo;espaces verts, centre horticole et piscine ray\u00e9s de la carte, b\u00e9tonnage p\u00e9rennis\u00e9 sur toute la ville\u00a0: le PLU d&rsquo;Aulnay-sous-Bois soumis \u00e0 ce conseil municipal ressemble au repoussoir caricatural que M. Beschizza brandissait pour d\u00e9noncer les projets d&rsquo;urbanisme de l&rsquo;ancienne municipalit\u00e9.<\/strong><\/p>\n<p>L&rsquo;association Vivre Mieux Ensemble \u00e0 Aulnay-sous-Bois a d\u00e9cid\u00e9 de mettre les \u00e9lus de la majorit\u00e9 actuelle face \u00e0 leurs responsabilit\u00e9s. Bien qu&rsquo;ils aient bataill\u00e9 tr\u00e8s durement contre \u00ab\u00a0le b\u00e9tonnage et les projets cach\u00e9s\u00a0\u00bb de l&rsquo;ancien maire, ils se retrouvent aujourd\u2019hui \u00e0 voter un projet diam\u00e9tralement en contradiction avec leurs promesses. Ces projets ont \u00e9t\u00e9 cach\u00e9s aux Aulnaysiens durant la concertation de l&rsquo;enqu\u00eate publique du PLU qui ne les mentionnait pas clairement.<\/p>\n<p>Esp\u00e9rons que les conseillers municipaux, comprendront qu&rsquo;ils n&rsquo;ont pas \u00e9t\u00e9 \u00e9lus sur ce mandat et ne pourront pas voter ce PLU sauf \u00e0 trahir les Aulnaysiens qui leur ont donn\u00e9 leur confiance.<\/p>\n<p><a class=\"link-to-pdf\" title=\"tract\" href=\"https:\/\/vivremieux-aulnay.fr\/wp-content\/uploads\/2015\/12\/tract.pdf\" target=\"_blank\" rel=\"attachment wp-att-277\"><img loading=\"lazy\" decoding=\"async\" class=\"alignnone size-large wp-image-278\" src=\"https:\/\/vivremieux-aulnay.fr\/wp-content\/uploads\/2015\/12\/tract-pdf.jpg\" alt=\"thumbnail of tract\" width=\"604\" height=\"427\" srcset=\"https:\/\/vivremieux-aulnay.fr\/wp-content\/uploads\/2015\/12\/tract-pdf.jpg 842w, https:\/\/vivremieux-aulnay.fr\/wp-content\/uploads\/2015\/12\/tract-pdf-300x212.jpg 300w, https:\/\/vivremieux-aulnay.fr\/wp-content\/uploads\/2015\/12\/tract-pdf-768x543.jpg 768w\" sizes=\"auto, (max-width: 604px) 100vw, 604px\" \/><\/a><\/p>\n","protected":false},"excerpt":{"rendered":"<p>Communiqu\u00e9 de presse, Aulnay-sous-Bois le 15 d\u00e9cembre 2015. L&rsquo;association Vivre Mieux Ensemble va rappeler ses promesses au maire Avant d&rsquo;\u00eatre \u00e9lu, M. Beschizza distribuait des g\u00e2teaux en forme de feuille d&rsquo;aulne avec des promesses d&rsquo;\u00a0\u00ab\u00a0arr\u00eat du b\u00e9tonnage\u00a0\u00bb. Les aulnes en d\u00e9cembre n&rsquo;ont plus de feuilles, les promesses ont disparu. Lors du conseil municipal du 16 &hellip; <a href=\"https:\/\/vivremieux-aulnay.fr\/?p=274\" class=\"more-link\">Continuer la lecture de <span class=\"screen-reader-text\">Contre le PLU, un nouveau \u00ab\u00a0biscuit d&rsquo;Aulnay\u00a0\u00bb sera distribu\u00e9 aux conseillers municipaux<\/span> <span class=\"meta-nav\">&rarr;<\/span><\/a><\/p>\n","protected":false},"author":1,"featured_media":0,"comment_status":"open","ping_status":"open","sticky":false,"template":"","format":"standard","meta":{"footnotes":""},"categories":[16],"tags":[],"class_list":["post-274","post","type-post","status-publish","format-standard","hentry","category-communique"],"_links":{"self":[{"href":"https:\/\/vivremieux-aulnay.fr\/index.php?rest_route=\/wp\/v2\/posts\/274","targetHints":{"allow":["GET"]}}],"collection":[{"href":"https:\/\/vivremieux-aulnay.fr\/index.php?rest_route=\/wp\/v2\/posts"}],"about":[{"href":"https:\/\/vivremieux-aulnay.fr\/index.php?rest_route=\/wp\/v2\/types\/post"}],"author":[{"embeddable":true,"href":"https:\/\/vivremieux-aulnay.fr\/index.php?rest_route=\/wp\/v2\/users\/1"}],"replies":[{"embeddable":true,"href":"https:\/\/vivremieux-aulnay.fr\/index.php?rest_route=%2Fwp%2Fv2%2Fcomments&post=274"}],"version-history":[{"count":1,"href":"https:\/\/vivremieux-aulnay.fr\/index.php?rest_route=\/wp\/v2\/posts\/274\/revisions"}],"predecessor-version":[{"id":279,"href":"https:\/\/vivremieux-aulnay.fr\/index.php?rest_route=\/wp\/v2\/posts\/274\/revisions\/279"}],"wp:attachment":[{"href":"https:\/\/vivremieux-aulnay.fr\/index.php?rest_route=%2Fwp%2Fv2%2Fmedia&parent=274"}],"wp:term":[{"taxonomy":"category","embeddable":true,"href":"https:\/\/vivremieux-aulnay.fr\/index.php?rest_route=%2Fwp%2Fv2%2Fcategories&post=274"},{"taxonomy":"post_tag","embeddable":true,"href":"https:\/\/vivremieux-aulnay.fr\/index.php?rest_route=%2Fwp%2Fv2%2Ftags&post=274"}],"curies":[{"name":"wp","href":"https:\/\/api.w.org\/{rel}","templated":true}]}}