{"id":263,"date":"2015-12-06T00:06:57","date_gmt":"2015-12-05T23:06:57","guid":{"rendered":"http:\/\/vivremieux-aulnay.fr\/?p=263"},"modified":"2015-12-06T00:08:12","modified_gmt":"2015-12-05T23:08:12","slug":"invitation-sommes-nous-toujours-en-republique","status":"publish","type":"post","link":"https:\/\/vivremieux-aulnay.fr\/?p=263","title":{"rendered":"Invitation : sommes-nous toujours en R\u00e9publique\u00a0?"},"content":{"rendered":"<h3>Lois d\u2019exceptions, abandon des banlieues\u00a0: Atelier-d\u00e9bat sur l&rsquo;histoire de la R\u00e9publique et son \u00e9volution<\/h3>\n<p><a class=\"link-to-pdf\" title=\"rencontre du 10 decembre 2015\" href=\"https:\/\/vivremieux-aulnay.fr\/wp-content\/uploads\/2015\/12\/rencontre-du-10-decembre-2015.pdf\" target=\"_blank\" rel=\"attachment wp-att-266\"><img loading=\"lazy\" decoding=\"async\" class=\"alignright size-medium wp-image-267\" src=\"https:\/\/vivremieux-aulnay.fr\/wp-content\/uploads\/2015\/12\/rencontre-du-10-decembre-2015-pdf-232x300.jpg\" alt=\"thumbnail of rencontre du 10 decembre 2015\" width=\"232\" height=\"300\" srcset=\"https:\/\/vivremieux-aulnay.fr\/wp-content\/uploads\/2015\/12\/rencontre-du-10-decembre-2015-pdf-232x300.jpg 232w, https:\/\/vivremieux-aulnay.fr\/wp-content\/uploads\/2015\/12\/rencontre-du-10-decembre-2015-pdf.jpg 612w\" sizes=\"auto, (max-width: 232px) 100vw, 232px\" \/><\/a>Madame, Monsieur, Cher-e ami-e,<\/p>\n<p>Dans sa tribune publi\u00e9e par Lib\u00e9ration, le 26 novembre dernier, Thomas Brandth\u00f4me appelait notre soci\u00e9t\u00e9 \u00e0 \u00ab d\u00e9sormais parler \u00e0 la banlieue et avec la banlieue\u00a0\u00bb apr\u00e8s les tragiques \u00e9v\u00e9nements de novembre. Nous avons la grande chance de recevoir cet universitaire sp\u00e9cialiste de la question de la R\u00e9publique pour un atelier d\u00e9bat afin de r\u00e9fl\u00e9chir sur cette notion r\u00e9publicaine. Dans ce contexte, les lois d&rsquo;exceptions, les volont\u00e9s d&rsquo;\u00e9volution de la constitution, certaines remises en cause de valeurs \u00e9galitaires sont-elles une r\u00e9ponse n\u00e9cessaire ou une nouvelle \u00e9rosion r\u00e9publicaine, pr\u00e9lude \u00e0 d\u2019autres drames\u00a0?<\/p>\n<h3 style=\"text-align: center;\">jeudi 10 d\u00e9cembre 2015 \u00e0 19h30 \u00e0 la salle Dumont <small><small>(parc Dumont, face \u00e0 la gare RER d&rsquo;Aulnay-sous-Bois)<\/small><\/small><\/h3>\n<h2 style=\"text-align: center;\">Thomas Branth\u00f4me<\/h2>\n<p style=\"text-align: center;\"><strong>Ma\u00eetre de conf\u00e9rences en histoire du droit et des id\u00e9es politiques \u00e0 l\u2019universit\u00e9 Paris-V<\/strong><\/p>\n<p style=\"text-align: center;\">19h30 ap\u00e9ritif convivial participatif<br \/>\n20H pr\u00e9cises, d\u00e9but de la conf\u00e9rence-d\u00e9bat<br \/>\nvous \u00eates les bienvenus pour nous aider \u00e0 installer la salle \u00e0 19h.<\/p>\n","protected":false},"excerpt":{"rendered":"<p>Lois d\u2019exceptions, abandon des banlieues\u00a0: Atelier-d\u00e9bat sur l&rsquo;histoire de la R\u00e9publique et son \u00e9volution Madame, Monsieur, Cher-e ami-e, Dans sa tribune publi\u00e9e par Lib\u00e9ration, le 26 novembre dernier, Thomas Brandth\u00f4me appelait notre soci\u00e9t\u00e9 \u00e0 \u00ab d\u00e9sormais parler \u00e0 la banlieue et avec la banlieue\u00a0\u00bb apr\u00e8s les tragiques \u00e9v\u00e9nements de novembre. Nous avons la grande chance &hellip; <a href=\"https:\/\/vivremieux-aulnay.fr\/?p=263\" class=\"more-link\">Continuer la lecture de <span class=\"screen-reader-text\">Invitation : sommes-nous toujours en R\u00e9publique\u00a0?<\/span> <span class=\"meta-nav\">&rarr;<\/span><\/a><\/p>\n","protected":false},"author":1,"featured_media":0,"comment_status":"open","ping_status":"open","sticky":false,"template":"","format":"standard","meta":{"footnotes":""},"categories":[3],"tags":[],"class_list":["post-263","post","type-post","status-publish","format-standard","hentry","category-les-rencontres-aulnaysiennes-de-vme"],"_links":{"self":[{"href":"https:\/\/vivremieux-aulnay.fr\/index.php?rest_route=\/wp\/v2\/posts\/263","targetHints":{"allow":["GET"]}}],"collection":[{"href":"https:\/\/vivremieux-aulnay.fr\/index.php?rest_route=\/wp\/v2\/posts"}],"about":[{"href":"https:\/\/vivremieux-aulnay.fr\/index.php?rest_route=\/wp\/v2\/types\/post"}],"author":[{"embeddable":true,"href":"https:\/\/vivremieux-aulnay.fr\/index.php?rest_route=\/wp\/v2\/users\/1"}],"replies":[{"embeddable":true,"href":"https:\/\/vivremieux-aulnay.fr\/index.php?rest_route=%2Fwp%2Fv2%2Fcomments&post=263"}],"version-history":[{"count":7,"href":"https:\/\/vivremieux-aulnay.fr\/index.php?rest_route=\/wp\/v2\/posts\/263\/revisions"}],"predecessor-version":[{"id":272,"href":"https:\/\/vivremieux-aulnay.fr\/index.php?rest_route=\/wp\/v2\/posts\/263\/revisions\/272"}],"wp:attachment":[{"href":"https:\/\/vivremieux-aulnay.fr\/index.php?rest_route=%2Fwp%2Fv2%2Fmedia&parent=263"}],"wp:term":[{"taxonomy":"category","embeddable":true,"href":"https:\/\/vivremieux-aulnay.fr\/index.php?rest_route=%2Fwp%2Fv2%2Fcategories&post=263"},{"taxonomy":"post_tag","embeddable":true,"href":"https:\/\/vivremieux-aulnay.fr\/index.php?rest_route=%2Fwp%2Fv2%2Ftags&post=263"}],"curies":[{"name":"wp","href":"https:\/\/api.w.org\/{rel}","templated":true}]}}