{"id":253,"date":"2015-11-04T16:12:11","date_gmt":"2015-11-04T15:12:11","guid":{"rendered":"http:\/\/vivremieux-aulnay.fr\/?p=253"},"modified":"2015-11-06T12:39:06","modified_gmt":"2015-11-06T11:39:06","slug":"invitation-leau-comme-bien-commun-a-aulnay-cest-possible","status":"publish","type":"post","link":"https:\/\/vivremieux-aulnay.fr\/?p=253","title":{"rendered":"Invitation: L&rsquo;eau comme bien commun \u00e0 Aulnay c&rsquo;est possible!"},"content":{"rendered":"<h4>Les rencontres aulnaysiennes de Vivre mieux ensemble \u00e0 Aulnay-sous-Bois<\/h4>\n<h4><a class=\"link-to-pdf\" title=\"rencontre du 12 novembre 2015\" href=\"https:\/\/vivremieux-aulnay.fr\/wp-content\/uploads\/2015\/11\/rencontre-du-12-novembre-20151.pdf\" target=\"_blank\" rel=\"attachment wp-att-258\"><img loading=\"lazy\" decoding=\"async\" class=\"alignright size-medium wp-image-259\" src=\"https:\/\/vivremieux-aulnay.fr\/wp-content\/uploads\/2015\/11\/rencontre-du-12-novembre-20151-pdf-232x300.jpg\" alt=\"thumbnail of rencontre du 12 novembre 2015\" width=\"232\" height=\"300\" srcset=\"https:\/\/vivremieux-aulnay.fr\/wp-content\/uploads\/2015\/11\/rencontre-du-12-novembre-20151-pdf-232x300.jpg 232w, https:\/\/vivremieux-aulnay.fr\/wp-content\/uploads\/2015\/11\/rencontre-du-12-novembre-20151-pdf.jpg 612w\" sizes=\"auto, (max-width: 232px) 100vw, 232px\" \/><\/a><\/h4>\n<p>Madame, Monsieur, Cher-e ami-e,<\/p>\n<p>C\u2019est avec un grand plaisir que nous accueillerons Anne Le Strat. Elue \u00e0 Paris de 2001 \u00e0 2014, Anne Le Strat a pilot\u00e9 la remunicipalisation de l\u2019eau de la capitale, victoire contre l&rsquo;accaparement des biens communs par les multinationales.<br \/>\nC\u2019est de cette aventure dont Anne Le Strat va nous parler, \u00e0 partir de son livre\u00a0: \u00ab\u00a0<strong><em>Une victoire face aux multinationales, ma bataille pour l\u2019eau de Paris<\/em><\/strong>\u00a0\u00bb. Ce sujet est particuli\u00e8rement int\u00e9ressant pour Aulnay-sous-Bois, l\u2019une des villes o\u00f9 le prix de l\u2019eau est le plus \u00e9lev\u00e9 de France. Ce qui s\u2019est pass\u00e9 \u00e0 Paris montre que le retour \u00e0 la gestion publique est possible, qu\u2019elle est la meilleure garantie pour am\u00e9liorer la qualit\u00e9 de l\u2019eau et du service, investir dans l\u2019int\u00e9r\u00eat de tous, rendre l&rsquo;eau, indispensable \u00e0 la vie, accessible \u00e0 tous.<\/p>\n<h3 style=\"text-align: center;\">jeudi 12 Novembre 2015 \u00e0 19h30 \u00e0 la salle Dumont <small><small>(parc Dumont, face \u00e0 la gare RER d&rsquo;Aulnay-sous-Bois)<\/small><\/small><\/h3>\n<h2 style=\"text-align: center;\">Anne Le Strat<\/h2>\n<h4>Ancienne adjointe qui a pilot\u00e9 la remunicipalisation de l&rsquo;eau de Paris<\/h4>\n<p>vous \u00eates les bienvenus pour nous aider \u00e0 installer la salle \u00e0 19h.<\/p>\n","protected":false},"excerpt":{"rendered":"<p>Les rencontres aulnaysiennes de Vivre mieux ensemble \u00e0 Aulnay-sous-Bois Madame, Monsieur, Cher-e ami-e, C\u2019est avec un grand plaisir que nous accueillerons Anne Le Strat. Elue \u00e0 Paris de 2001 \u00e0 2014, Anne Le Strat a pilot\u00e9 la remunicipalisation de l\u2019eau de la capitale, victoire contre l&rsquo;accaparement des biens communs par les multinationales. C\u2019est de cette &hellip; <a href=\"https:\/\/vivremieux-aulnay.fr\/?p=253\" class=\"more-link\">Continuer la lecture de <span class=\"screen-reader-text\">Invitation: L&rsquo;eau comme bien commun \u00e0 Aulnay c&rsquo;est possible!<\/span> <span class=\"meta-nav\">&rarr;<\/span><\/a><\/p>\n","protected":false},"author":1,"featured_media":0,"comment_status":"open","ping_status":"open","sticky":false,"template":"","format":"standard","meta":{"footnotes":""},"categories":[3],"tags":[],"class_list":["post-253","post","type-post","status-publish","format-standard","hentry","category-les-rencontres-aulnaysiennes-de-vme"],"_links":{"self":[{"href":"https:\/\/vivremieux-aulnay.fr\/index.php?rest_route=\/wp\/v2\/posts\/253","targetHints":{"allow":["GET"]}}],"collection":[{"href":"https:\/\/vivremieux-aulnay.fr\/index.php?rest_route=\/wp\/v2\/posts"}],"about":[{"href":"https:\/\/vivremieux-aulnay.fr\/index.php?rest_route=\/wp\/v2\/types\/post"}],"author":[{"embeddable":true,"href":"https:\/\/vivremieux-aulnay.fr\/index.php?rest_route=\/wp\/v2\/users\/1"}],"replies":[{"embeddable":true,"href":"https:\/\/vivremieux-aulnay.fr\/index.php?rest_route=%2Fwp%2Fv2%2Fcomments&post=253"}],"version-history":[{"count":4,"href":"https:\/\/vivremieux-aulnay.fr\/index.php?rest_route=\/wp\/v2\/posts\/253\/revisions"}],"predecessor-version":[{"id":261,"href":"https:\/\/vivremieux-aulnay.fr\/index.php?rest_route=\/wp\/v2\/posts\/253\/revisions\/261"}],"wp:attachment":[{"href":"https:\/\/vivremieux-aulnay.fr\/index.php?rest_route=%2Fwp%2Fv2%2Fmedia&parent=253"}],"wp:term":[{"taxonomy":"category","embeddable":true,"href":"https:\/\/vivremieux-aulnay.fr\/index.php?rest_route=%2Fwp%2Fv2%2Fcategories&post=253"},{"taxonomy":"post_tag","embeddable":true,"href":"https:\/\/vivremieux-aulnay.fr\/index.php?rest_route=%2Fwp%2Fv2%2Ftags&post=253"}],"curies":[{"name":"wp","href":"https:\/\/api.w.org\/{rel}","templated":true}]}}