{"id":25,"date":"2014-09-07T12:17:00","date_gmt":"2014-09-07T11:17:00","guid":{"rendered":"http:\/\/vivremieux-aulnay.fr\/?p=25"},"modified":"2016-06-26T18:42:06","modified_gmt":"2016-06-26T17:42:06","slug":"venez-a-lalternatiba-de-gonesse","status":"publish","type":"post","link":"https:\/\/vivremieux-aulnay.fr\/?p=25","title":{"rendered":"Venez \u00e0 l&rsquo;Alternatiba de Gonesse!"},"content":{"rendered":"<p>Nous serons pr\u00e9sents \u00e0 l&rsquo;Alternatiba de Gonesse les 20 et 21 septembre prochains. Cette manifestation s&rsquo;inscrit dans le droit chemin de notre lutte contre le projet inutile et impos\u00e9 d&rsquo;Europa City.<a href=\"http:\/\/alternatiba.eu\/gonesse\/\"><img loading=\"lazy\" decoding=\"async\" class=\"aligncenter wp-image-26 size-full\" src=\"https:\/\/vivremieux-aulnay.fr\/wp-content\/uploads\/2014\/10\/bandeau.jpg\" alt=\"bandeau\" width=\"350\" height=\"84\" srcset=\"https:\/\/vivremieux-aulnay.fr\/wp-content\/uploads\/2014\/10\/bandeau.jpg 350w, https:\/\/vivremieux-aulnay.fr\/wp-content\/uploads\/2014\/10\/bandeau-300x72.jpg 300w\" sizes=\"auto, (max-width: 350px) 100vw, 350px\" \/><img loading=\"lazy\" decoding=\"async\" class=\"aligncenter wp-image-27 size-full\" src=\"https:\/\/vivremieux-aulnay.fr\/wp-content\/uploads\/2014\/10\/Affiche-2.jpg\" alt=\"Affiche 2\" width=\"350\" height=\"525\" srcset=\"https:\/\/vivremieux-aulnay.fr\/wp-content\/uploads\/2014\/10\/Affiche-2.jpg 350w, https:\/\/vivremieux-aulnay.fr\/wp-content\/uploads\/2014\/10\/Affiche-2-200x300.jpg 200w\" sizes=\"auto, (max-width: 350px) 100vw, 350px\" \/><\/a><\/p>\n","protected":false},"excerpt":{"rendered":"<p>Nous serons pr\u00e9sents \u00e0 l&rsquo;Alternatiba de Gonesse les 20 et 21 septembre prochains. Cette manifestation s&rsquo;inscrit dans le droit chemin de notre lutte contre le projet inutile et impos\u00e9 d&rsquo;Europa City.<\/p>\n","protected":false},"author":1,"featured_media":0,"comment_status":"open","ping_status":"open","sticky":false,"template":"","format":"standard","meta":{"footnotes":""},"categories":[8,17],"tags":[5,6],"class_list":["post-25","post","type-post","status-publish","format-standard","hentry","category-manifestation","category-europacity","tag-alternatiba","tag-europa-city"],"_links":{"self":[{"href":"https:\/\/vivremieux-aulnay.fr\/index.php?rest_route=\/wp\/v2\/posts\/25","targetHints":{"allow":["GET"]}}],"collection":[{"href":"https:\/\/vivremieux-aulnay.fr\/index.php?rest_route=\/wp\/v2\/posts"}],"about":[{"href":"https:\/\/vivremieux-aulnay.fr\/index.php?rest_route=\/wp\/v2\/types\/post"}],"author":[{"embeddable":true,"href":"https:\/\/vivremieux-aulnay.fr\/index.php?rest_route=\/wp\/v2\/users\/1"}],"replies":[{"embeddable":true,"href":"https:\/\/vivremieux-aulnay.fr\/index.php?rest_route=%2Fwp%2Fv2%2Fcomments&post=25"}],"version-history":[{"count":1,"href":"https:\/\/vivremieux-aulnay.fr\/index.php?rest_route=\/wp\/v2\/posts\/25\/revisions"}],"predecessor-version":[{"id":28,"href":"https:\/\/vivremieux-aulnay.fr\/index.php?rest_route=\/wp\/v2\/posts\/25\/revisions\/28"}],"wp:attachment":[{"href":"https:\/\/vivremieux-aulnay.fr\/index.php?rest_route=%2Fwp%2Fv2%2Fmedia&parent=25"}],"wp:term":[{"taxonomy":"category","embeddable":true,"href":"https:\/\/vivremieux-aulnay.fr\/index.php?rest_route=%2Fwp%2Fv2%2Fcategories&post=25"},{"taxonomy":"post_tag","embeddable":true,"href":"https:\/\/vivremieux-aulnay.fr\/index.php?rest_route=%2Fwp%2Fv2%2Ftags&post=25"}],"curies":[{"name":"wp","href":"https:\/\/api.w.org\/{rel}","templated":true}]}}