{"id":223,"date":"2015-09-17T11:17:19","date_gmt":"2015-09-17T10:17:19","guid":{"rendered":"http:\/\/vivremieux-aulnay.fr\/?p=223"},"modified":"2015-09-30T17:19:57","modified_gmt":"2015-09-30T16:19:57","slug":"invitation-la-cop-21-quesaquo-chance-ou-imposture-pour-le-climat","status":"publish","type":"post","link":"https:\/\/vivremieux-aulnay.fr\/?p=223","title":{"rendered":"Invitation: La COP 21, qu\u00e9saquo\u00a0? Chance ou imposture pour le climat\u00a0?"},"content":{"rendered":"<h4><a class=\"link-to-pdf\" title=\"rencontre du 7 octobre 2015\" href=\"https:\/\/vivremieux-aulnay.fr\/wp-content\/uploads\/2015\/09\/rencontre-du-7-octobre-20151.pdf\" target=\"_blank\"><img loading=\"lazy\" decoding=\"async\" class=\"size-medium wp-image-237 alignright\" src=\"https:\/\/vivremieux-aulnay.fr\/wp-content\/uploads\/2015\/09\/rencontre-du-7-octobre-20151-pdf-232x300.jpg\" alt=\"\" width=\"232\" height=\"300\" srcset=\"https:\/\/vivremieux-aulnay.fr\/wp-content\/uploads\/2015\/09\/rencontre-du-7-octobre-20151-pdf-232x300.jpg 232w, https:\/\/vivremieux-aulnay.fr\/wp-content\/uploads\/2015\/09\/rencontre-du-7-octobre-20151-pdf.jpg 612w\" sizes=\"auto, (max-width: 232px) 100vw, 232px\" \/><\/a>Les rencontres aulnaysiennes de Vivre mieux ensemble \u00e0 Aulnay-sous-Bois<\/h4>\n<p>Madame, Monsieur, Cher-e ami-e,<\/p>\n<p>\u00c0 l\u2019approche du sommet mondial sur le climat qui d\u00e9bute fin novembre au Bourget, il para\u00eet int\u00e9ressant de faire le point sur cette manifestation organis\u00e9e par les Nations Unies \u00e0 deux pas de notre ville. Ce sommet est-il une chance \u00e0 saisir pour l\u2019humanit\u00e9 ou une imposture qui laissera les \u00c9tats et les entreprises les plus polluants et plus puissants tirer leurs \u00e9pingles du jeu ? Avons-nous le pouvoir de faire changer les choses\u00a0? Quoi qu\u2019il en soit, les Aulnaysiens, riverains de cette manifestation, ne pourront ignorer cet \u00e9v\u00e9nement qui marquera forc\u00e9ment l\u2019histoire par ses d\u00e9cisions, son impulsion donn\u00e9e aux changements ou son \u00e9chec total.<\/p>\n<h3 style=\"text-align: center;\">Pour comprendre ensemble, nous recevons le<br \/>\nmercredi 7 octobre 2015 \u00e0 19h30 \u00e0 la salle Dumont <small><small>(parc Dumont, face \u00e0 la gare RER d&rsquo;Aulnay-sous-Bois)<\/small><\/small><\/h3>\n<h2 style=\"text-align: center;\"><strong> Martin Kopp,<\/strong><\/h2>\n<h4 style=\"text-align: center;\">charg\u00e9 de plaidoyer pour la justice climatique,<br \/>\nd\u00e9l\u00e9gu\u00e9 \u00e0 la COP 21 <small>(par la F\u00e9d\u00e9ration Luth\u00e9rienne Mondiale)<\/small><\/h4>\n<ul>\n<li><strong>19h30 ap\u00e9ritif convivial participatif<\/strong><\/li>\n<li><strong>20H pr\u00e9cises, d\u00e9but de la conf\u00e9rence-d\u00e9bat<\/strong><\/li>\n<\/ul>\n<p>vous \u00eates les bienvenus pour nous aider \u00e0 installer la salle \u00e0 19h.<\/p>\n","protected":false},"excerpt":{"rendered":"<p>Les rencontres aulnaysiennes de Vivre mieux ensemble \u00e0 Aulnay-sous-Bois Madame, Monsieur, Cher-e ami-e, \u00c0 l\u2019approche du sommet mondial sur le climat qui d\u00e9bute fin novembre au Bourget, il para\u00eet int\u00e9ressant de faire le point sur cette manifestation organis\u00e9e par les Nations Unies \u00e0 deux pas de notre ville. Ce sommet est-il une chance \u00e0 saisir &hellip; <a href=\"https:\/\/vivremieux-aulnay.fr\/?p=223\" class=\"more-link\">Continuer la lecture de <span class=\"screen-reader-text\">Invitation: La COP 21, qu\u00e9saquo\u00a0? Chance ou imposture pour le climat\u00a0?<\/span> <span class=\"meta-nav\">&rarr;<\/span><\/a><\/p>\n","protected":false},"author":1,"featured_media":0,"comment_status":"open","ping_status":"open","sticky":false,"template":"","format":"standard","meta":{"footnotes":""},"categories":[3],"tags":[],"class_list":["post-223","post","type-post","status-publish","format-standard","hentry","category-les-rencontres-aulnaysiennes-de-vme"],"_links":{"self":[{"href":"https:\/\/vivremieux-aulnay.fr\/index.php?rest_route=\/wp\/v2\/posts\/223","targetHints":{"allow":["GET"]}}],"collection":[{"href":"https:\/\/vivremieux-aulnay.fr\/index.php?rest_route=\/wp\/v2\/posts"}],"about":[{"href":"https:\/\/vivremieux-aulnay.fr\/index.php?rest_route=\/wp\/v2\/types\/post"}],"author":[{"embeddable":true,"href":"https:\/\/vivremieux-aulnay.fr\/index.php?rest_route=\/wp\/v2\/users\/1"}],"replies":[{"embeddable":true,"href":"https:\/\/vivremieux-aulnay.fr\/index.php?rest_route=%2Fwp%2Fv2%2Fcomments&post=223"}],"version-history":[{"count":9,"href":"https:\/\/vivremieux-aulnay.fr\/index.php?rest_route=\/wp\/v2\/posts\/223\/revisions"}],"predecessor-version":[{"id":233,"href":"https:\/\/vivremieux-aulnay.fr\/index.php?rest_route=\/wp\/v2\/posts\/223\/revisions\/233"}],"wp:attachment":[{"href":"https:\/\/vivremieux-aulnay.fr\/index.php?rest_route=%2Fwp%2Fv2%2Fmedia&parent=223"}],"wp:term":[{"taxonomy":"category","embeddable":true,"href":"https:\/\/vivremieux-aulnay.fr\/index.php?rest_route=%2Fwp%2Fv2%2Fcategories&post=223"},{"taxonomy":"post_tag","embeddable":true,"href":"https:\/\/vivremieux-aulnay.fr\/index.php?rest_route=%2Fwp%2Fv2%2Ftags&post=223"}],"curies":[{"name":"wp","href":"https:\/\/api.w.org\/{rel}","templated":true}]}}