{"id":21,"date":"2014-09-28T12:09:16","date_gmt":"2014-09-28T11:09:16","guid":{"rendered":"http:\/\/vivremieux-aulnay.fr\/?p=21"},"modified":"2016-06-26T18:42:00","modified_gmt":"2016-06-26T17:42:00","slug":"notre-association-sur-france-inter","status":"publish","type":"post","link":"https:\/\/vivremieux-aulnay.fr\/?p=21","title":{"rendered":"Notre association sur France Inter"},"content":{"rendered":"<figure id=\"attachment_2810\" aria-describedby=\"caption-attachment-2810\" style=\"width: 636px\" class=\"wp-caption alignnone\"><a href=\"http:\/\/suaudeau.fr\/wp-content\/uploads\/2014\/09\/PhotoCamilleMeluzineEnGreve-Alternatiba-Interview-FranceInter-Karkides-Suaudeau.jpg\"><img loading=\"lazy\" decoding=\"async\" class=\"wp-image-2810 size-large\" src=\"http:\/\/suaudeau.fr\/wp-content\/uploads\/2014\/09\/PhotoCamilleMeluzineEnGreve-Alternatiba-Interview-FranceInter-Karkides-Suaudeau-636x212.jpg\" alt=\"PhotoCamilleMeluzineEnGreve-Alternatiba-Interview-FranceInter-Karkides-Suaudeau\" width=\"636\" height=\"212\" \/><\/a><figcaption id=\"caption-attachment-2810\" class=\"wp-caption-text\">CZA photographie CR (Merci Camille Meluzine en Gr\u00e8ve!)<\/figcaption><\/figure>\n<p><a href=\"http:\/\/www.franceinter.fr\/emission-comme-un-bruit-qui-court\"><img loading=\"lazy\" decoding=\"async\" class=\"alignright wp-image-2817\" src=\"http:\/\/suaudeau.fr\/wp-content\/uploads\/2014\/09\/CommeUnBruitQuiCourt-300x135.png\" alt=\"CommeUnBruitQuiCourt\" width=\"230\" height=\"100\" \/><\/a> Notre association a \u00e9t\u00e9 interview\u00e9e par France Inter lors de l&rsquo;Alternatiba de Gonesse du 20 et 21 septembre 2014. <a href=\"http:\/\/www.franceinter.fr\/emission-comme-un-bruit-qui-court-la-carotte-ou-le-beton-encore-des-maquisards-bretons-et-un-voyage-\">L&rsquo;\u00e9mission<\/a> \u00ab\u00a0Comme un bruit qui court\u00a0\u00bb de Giv Anquetil, Charlotte Perry et Antoine Chao traite pendant 16 minutes <a href=\"http:\/\/suaudeau.fr\/pourquoi-europa-city-est-un-grand-projet-inutile.html\">du probl\u00e8me d&rsquo;Europa City<\/a>. A \u00e9couter dans on int\u00e9gralit\u00e9 ci dessous (\u00e0 partir de 14:45).<br \/>\n<iframe loading=\"lazy\" src=\"http:\/\/www.franceinter.fr\/player\/export-reecouter?content=975266\" width=\"481\" height=\"137\" frameborder=\"0\" scrolling=\"no\"><\/iframe><br \/>\nVous pouvez aussi juste \u00e9couter l&rsquo;extrait de notre interview s\u00e9lectionn\u00e9 ici:<\/p>\n<audio class=\"wp-audio-shortcode\" id=\"audio-21-1\" preload=\"none\" style=\"width: 100%;\" controls=\"controls\"><source type=\"audio\/mpeg\" src=\"http:\/\/suaudeau.fr\/wp-content\/uploads\/2014\/09\/FranceInter-CommeUnBruitQuiCourt-27.09.extrait1.mp3?_=1\" \/><a href=\"http:\/\/suaudeau.fr\/wp-content\/uploads\/2014\/09\/FranceInter-CommeUnBruitQuiCourt-27.09.extrait1.mp3\">http:\/\/suaudeau.fr\/wp-content\/uploads\/2014\/09\/FranceInter-CommeUnBruitQuiCourt-27.09.extrait1.mp3<\/a><\/audio>\n<p>Vous retrouverez aussi une autre de nos apparition (mais rapide!) dans le journal de France 3 IDF du 20 septembre dernier:<br \/>\n<a href=\"https:\/\/www.facebook.com\/video.php?v=355137784653456\"><img loading=\"lazy\" decoding=\"async\" class=\"aligncenter size-full wp-image-2822\" src=\"http:\/\/suaudeau.fr\/wp-content\/uploads\/2014\/09\/France3.jpg\" alt=\"France3\" width=\"300\" height=\"157\" \/><\/a><\/p>\n","protected":false},"excerpt":{"rendered":"<p>Notre association a \u00e9t\u00e9 interview\u00e9e par France Inter lors de l&rsquo;Alternatiba de Gonesse du 20 et 21 septembre 2014. L&rsquo;\u00e9mission \u00ab\u00a0Comme un bruit qui court\u00a0\u00bb de Giv Anquetil, Charlotte Perry et Antoine Chao traite pendant 16 minutes du probl\u00e8me d&rsquo;Europa City. A \u00e9couter dans on int\u00e9gralit\u00e9 ci dessous (\u00e0 partir de 14:45). Vous pouvez aussi &hellip; <a href=\"https:\/\/vivremieux-aulnay.fr\/?p=21\" class=\"more-link\">Continuer la lecture de <span class=\"screen-reader-text\">Notre association sur France Inter<\/span> <span class=\"meta-nav\">&rarr;<\/span><\/a><\/p>\n","protected":false},"author":1,"featured_media":0,"comment_status":"open","ping_status":"open","sticky":false,"template":"","format":"standard","meta":{"footnotes":""},"categories":[4,17],"tags":[5,6,7],"class_list":["post-21","post","type-post","status-publish","format-standard","hentry","category-medias","category-europacity","tag-alternatiba","tag-europa-city","tag-france-inter"],"_links":{"self":[{"href":"https:\/\/vivremieux-aulnay.fr\/index.php?rest_route=\/wp\/v2\/posts\/21","targetHints":{"allow":["GET"]}}],"collection":[{"href":"https:\/\/vivremieux-aulnay.fr\/index.php?rest_route=\/wp\/v2\/posts"}],"about":[{"href":"https:\/\/vivremieux-aulnay.fr\/index.php?rest_route=\/wp\/v2\/types\/post"}],"author":[{"embeddable":true,"href":"https:\/\/vivremieux-aulnay.fr\/index.php?rest_route=\/wp\/v2\/users\/1"}],"replies":[{"embeddable":true,"href":"https:\/\/vivremieux-aulnay.fr\/index.php?rest_route=%2Fwp%2Fv2%2Fcomments&post=21"}],"version-history":[{"count":3,"href":"https:\/\/vivremieux-aulnay.fr\/index.php?rest_route=\/wp\/v2\/posts\/21\/revisions"}],"predecessor-version":[{"id":24,"href":"https:\/\/vivremieux-aulnay.fr\/index.php?rest_route=\/wp\/v2\/posts\/21\/revisions\/24"}],"wp:attachment":[{"href":"https:\/\/vivremieux-aulnay.fr\/index.php?rest_route=%2Fwp%2Fv2%2Fmedia&parent=21"}],"wp:term":[{"taxonomy":"category","embeddable":true,"href":"https:\/\/vivremieux-aulnay.fr\/index.php?rest_route=%2Fwp%2Fv2%2Fcategories&post=21"},{"taxonomy":"post_tag","embeddable":true,"href":"https:\/\/vivremieux-aulnay.fr\/index.php?rest_route=%2Fwp%2Fv2%2Ftags&post=21"}],"curies":[{"name":"wp","href":"https:\/\/api.w.org\/{rel}","templated":true}]}}