{"id":204,"date":"2015-07-12T00:54:48","date_gmt":"2015-07-11T23:54:48","guid":{"rendered":"http:\/\/vivremieux-aulnay.fr\/?p=204"},"modified":"2017-11-23T11:56:01","modified_gmt":"2017-11-23T10:56:01","slug":"vme-rassure-de-voir-le-maire-sanctionne-par-la-justice-pour-ses-arretes-anti-mendicite","status":"publish","type":"post","link":"https:\/\/vivremieux-aulnay.fr\/?p=204","title":{"rendered":"VME rassur\u00e9 de voir le maire sanctionn\u00e9 par la justice pour ses arr\u00eat\u00e9s anti-mendicit\u00e9"},"content":{"rendered":"<p><a class=\"link-to-pdf\" title=\"20150707172946572-1\" href=\"https:\/\/vivremieux-aulnay.fr\/wp-content\/uploads\/2015\/07\/20150707172946572-1.pdf\" target=\"_blank\" rel=\"noopener\"><img loading=\"lazy\" decoding=\"async\" class=\"size-medium wp-image-210 alignright\" src=\"https:\/\/vivremieux-aulnay.fr\/wp-content\/uploads\/2015\/07\/20150707172946572-1-pdf-212x300.jpg\" alt=\"\" width=\"212\" height=\"300\" srcset=\"https:\/\/vivremieux-aulnay.fr\/wp-content\/uploads\/2015\/07\/20150707172946572-1-pdf-212x300.jpg 212w, https:\/\/vivremieux-aulnay.fr\/wp-content\/uploads\/2015\/07\/20150707172946572-1-pdf.jpg 595w\" sizes=\"auto, (max-width: 212px) 100vw, 212px\" \/><\/a>Le maire d&rsquo;Aulnay-sous-Bois vient d&rsquo;\u00eatre sanctionn\u00e9 par la justice[1] pour ses deux arr\u00eat\u00e9s[2] contre lesquels notre association avait men\u00e9 des actions[3]. Vivre Mieux Ensemble \u00e0 Aulnay-sous-Bois remercie ceux qui ont port\u00e9 en justice[4] ces arr\u00eat\u00e9s liberticides qui viennent d\u2019\u00eatre annul\u00e9s par le tribunal.<\/p>\n<p>Cette sanction porte aussi sur les \u00e9lus de la majorit\u00e9 que notre association avait interpell\u00e9s individuellement. Un courrier remis personnellement[5] rappelait leur responsabilit\u00e9 individuelle d\u2019\u00e9lus dans cette indigne chasse aux pauvres. Aucun ne s\u2019\u00e9tait d\u00e9solidaris\u00e9 lors de la pr\u00e9sentation de ces arr\u00eat\u00e9s en Conseil Municipal. Nous leur rappelons que se taire, se soumettre aux consignes d\u2019appareils et renoncer \u00e0 son libre arbitre pour valider des d\u00e9cisions ill\u00e9gitimes et ill\u00e9gales, alimentera forc\u00e9ment le foss\u00e9 qui existe entre les \u00e9lus et la population.<\/p>\n<p>Nous rappelons aussi que ces arr\u00eat\u00e9s s&rsquo;attaquent aux droits des plus fragiles et stigmatisent les plus pr\u00e9caires. Ils servent surtout \u00e0 alimenter la posture nationale d\u2019un maire en mal de m\u00e9diatisation, sans apporter la moindre r\u00e9ponse aux probl\u00e8mes de pauvret\u00e9 des Aulnaysiens.<\/p>\n<p>La stigmatisation des victimes est contraire aux valeurs r\u00e9publicaines, elle conduit toujours \u00e0 la n\u00e9gation du Vivre Ensemble. La devise de notre R\u00e9publique s&rsquo;applique \u00e0 tous les Aulnaysiens\u00a0: Libert\u00e9 \u00c9galit\u00e9 et Fraternit\u00e9\u00a0!<\/p>\n<p><strong>Luttons contre la pauvret\u00e9, pas contre les pauvres !<\/strong><\/p>\n<p>Notes et r\u00e9f\u00e9rences:<\/p>\n<ol>\n<li>D\u00e9cisions \u00e0 t\u00e9l\u00e9charger <a href=\"https:\/\/vivremieux-aulnay.fr\/wp-content\/uploads\/2015\/07\/condamnation1.pdf\">ici<\/a> et <a href=\"https:\/\/vivremieux-aulnay.fr\/wp-content\/uploads\/2015\/07\/condamnation2.pdf\">l\u00e0<\/a>.<\/li>\n<li>Second arr\u00eat\u00e9 \u00e0 t\u00e9l\u00e9charger <a href=\"https:\/\/vivremieux-aulnay.fr\/wp-content\/uploads\/2014\/10\/arreteAntimendicite.pdf\">ici<\/a><\/li>\n<li>L&rsquo;association avait organis\u00e9 <a href=\"https:\/\/vivremieux-aulnay.fr\/?tag=mendicite\">une action de distribution de mendiants<\/a> sur les march\u00e9s d&rsquo;Aulnay en mai dernier<\/li>\n<li>La LDH pour les deux recours, et la FNARS et le conseiller municipal Miguel Hernandez pour le premier recours.<\/li>\n<li>Pour t\u00e9l\u00e9charger les 42 courriers, <a href=\"https:\/\/vivremieux-aulnay.fr\/wp-content\/uploads\/2014\/10\/LettrePubliqueTous.pdf\">lien ici<\/a>.<\/li>\n<\/ol>\n","protected":false},"excerpt":{"rendered":"<p>Le maire d&rsquo;Aulnay-sous-Bois vient d&rsquo;\u00eatre sanctionn\u00e9 par la justice[1] pour ses deux arr\u00eat\u00e9s[2] contre lesquels notre association avait men\u00e9 des actions[3]. Vivre Mieux Ensemble \u00e0 Aulnay-sous-Bois remercie ceux qui ont port\u00e9 en justice[4] ces arr\u00eat\u00e9s liberticides qui viennent d\u2019\u00eatre annul\u00e9s par le tribunal. Cette sanction porte aussi sur les \u00e9lus de la majorit\u00e9 que notre &hellip; <a href=\"https:\/\/vivremieux-aulnay.fr\/?p=204\" class=\"more-link\">Continuer la lecture de <span class=\"screen-reader-text\">VME rassur\u00e9 de voir le maire sanctionn\u00e9 par la justice pour ses arr\u00eat\u00e9s anti-mendicit\u00e9<\/span> <span class=\"meta-nav\">&rarr;<\/span><\/a><\/p>\n","protected":false},"author":1,"featured_media":0,"comment_status":"open","ping_status":"open","sticky":false,"template":"","format":"standard","meta":{"footnotes":""},"categories":[16,18],"tags":[13,11,9],"class_list":["post-204","post","type-post","status-publish","format-standard","hentry","category-communique","category-discriminations","tag-arrete-anti-mendicite","tag-beschizza","tag-mendicite"],"_links":{"self":[{"href":"https:\/\/vivremieux-aulnay.fr\/index.php?rest_route=\/wp\/v2\/posts\/204","targetHints":{"allow":["GET"]}}],"collection":[{"href":"https:\/\/vivremieux-aulnay.fr\/index.php?rest_route=\/wp\/v2\/posts"}],"about":[{"href":"https:\/\/vivremieux-aulnay.fr\/index.php?rest_route=\/wp\/v2\/types\/post"}],"author":[{"embeddable":true,"href":"https:\/\/vivremieux-aulnay.fr\/index.php?rest_route=\/wp\/v2\/users\/1"}],"replies":[{"embeddable":true,"href":"https:\/\/vivremieux-aulnay.fr\/index.php?rest_route=%2Fwp%2Fv2%2Fcomments&post=204"}],"version-history":[{"count":6,"href":"https:\/\/vivremieux-aulnay.fr\/index.php?rest_route=\/wp\/v2\/posts\/204\/revisions"}],"predecessor-version":[{"id":541,"href":"https:\/\/vivremieux-aulnay.fr\/index.php?rest_route=\/wp\/v2\/posts\/204\/revisions\/541"}],"wp:attachment":[{"href":"https:\/\/vivremieux-aulnay.fr\/index.php?rest_route=%2Fwp%2Fv2%2Fmedia&parent=204"}],"wp:term":[{"taxonomy":"category","embeddable":true,"href":"https:\/\/vivremieux-aulnay.fr\/index.php?rest_route=%2Fwp%2Fv2%2Fcategories&post=204"},{"taxonomy":"post_tag","embeddable":true,"href":"https:\/\/vivremieux-aulnay.fr\/index.php?rest_route=%2Fwp%2Fv2%2Ftags&post=204"}],"curies":[{"name":"wp","href":"https:\/\/api.w.org\/{rel}","templated":true}]}}