{"id":196,"date":"2015-06-28T22:02:47","date_gmt":"2015-06-28T21:02:47","guid":{"rendered":"http:\/\/vivremieux-aulnay.fr\/?p=196"},"modified":"2015-06-28T22:15:53","modified_gmt":"2015-06-28T21:15:53","slug":"invitation-alimenterre","status":"publish","type":"post","link":"https:\/\/vivremieux-aulnay.fr\/?p=196","title":{"rendered":"Invitation: Alimenterre"},"content":{"rendered":"<p>Nous coorganisons avec l&rsquo;<a href=\"http:\/\/www.amapaulnay.fr\/\">AMAP La Tomate Farceuse<\/a> une projection-rencontre-d\u00e9bat:<br \/>\n<strong>Mardi 7 juillet 2015, 20h00<\/strong> \u00e0 la ferme du vieux pays:<\/p>\n<h3><a href=\"https:\/\/vivremieux-aulnay.fr\/wp-content\/uploads\/2015\/06\/alimenterre.jpg\"><img loading=\"lazy\" decoding=\"async\" class=\" size-medium wp-image-201 aligncenter\" src=\"https:\/\/vivremieux-aulnay.fr\/wp-content\/uploads\/2015\/06\/alimenterre-206x300.jpg\" alt=\"alimenterre\" width=\"206\" height=\"300\" srcset=\"https:\/\/vivremieux-aulnay.fr\/wp-content\/uploads\/2015\/06\/alimenterre-206x300.jpg 206w, https:\/\/vivremieux-aulnay.fr\/wp-content\/uploads\/2015\/06\/alimenterre.jpg 439w\" sizes=\"auto, (max-width: 206px) 100vw, 206px\" \/><\/a>Projection:<\/h3>\n<p><strong>\u00ab<a href=\"http:\/&#47;&#x77;&#x77;&#x77;&#46;&#97;&#x6d;&#x61;&#x70;a&#117;&#x6c;&#x6e;&#x61;y&#46;&#x66;&#x72;&#x2f;w&#112;&#x2d;&#x63;&#x6f;n&#116;&#x65;&#x6e;&#x74;\/&#117;&#x70;&#x6c;&#x6f;a&#100;&#x73;&#x2f;&#x32;0&#49;&#x35;&#x2f;&#x30;6&#47;&#x69;&#x6e;&#x66;o&#114;&#x6d;&#x61;&#x74;i&#113;&#x75;&#x65;&#x40;m&#102;&#x72;&#x2e;&#x61;s&#115;&#x6f;_.fr_20150622_162003.pdf\"> Riz du benin, RIZ DE DEMAIN<\/a> \u00bb de F\u00e9lix VIGNE <\/strong> sera diffus\u00e9. Ce documentaire pr\u00e9sentera l\u2019\u00e9tat des lieux de la fili\u00e8re riz au B\u00e9nin et les perspectives de son d\u00e9veloppement.<\/p>\n<h3>D\u00e9bat:<\/h3>\n<p>Le <strong>D\u00e9bat<\/strong> portera sur l\u2019agriculture familiale durable qui joue un r\u00f4le central pour nourrir le monde, prot\u00e9ger durablement l\u2019environnement, renforcer la coh\u00e9sion du tissu social, tout en permettant aux producteurs de vivre dignement .<\/p>\n<ul>\n<li>Quelles r\u00e9alit\u00e9s\u00a0?<\/li>\n<li>Quels possibles\u00a0?<\/li>\n<\/ul>\n<h3>Intervenants:<\/h3>\n<p>Les <strong>Intervenants seront des agriculteurs et des agronomes b\u00e9ninois et burkinab\u00e9, <\/strong>responsables de centres de formation agricole de jeunes ruraux.<\/p>\n<p>Venez nombreux pour cette rencontre enrichissante d&rsquo;alternatives des pays du sud.<\/p>\n","protected":false},"excerpt":{"rendered":"<p>Nous coorganisons avec l&rsquo;AMAP La Tomate Farceuse une projection-rencontre-d\u00e9bat: Mardi 7 juillet 2015, 20h00 \u00e0 la ferme du vieux pays: Projection: \u00ab Riz du benin, RIZ DE DEMAIN \u00bb de F\u00e9lix VIGNE sera diffus\u00e9. Ce documentaire pr\u00e9sentera l\u2019\u00e9tat des lieux de la fili\u00e8re riz au B\u00e9nin et les perspectives de son d\u00e9veloppement. D\u00e9bat: Le D\u00e9bat &hellip; <a href=\"https:\/\/vivremieux-aulnay.fr\/?p=196\" class=\"more-link\">Continuer la lecture de <span class=\"screen-reader-text\">Invitation: Alimenterre<\/span> <span class=\"meta-nav\">&rarr;<\/span><\/a><\/p>\n","protected":false},"author":1,"featured_media":0,"comment_status":"open","ping_status":"open","sticky":false,"template":"","format":"standard","meta":{"footnotes":""},"categories":[3],"tags":[],"class_list":["post-196","post","type-post","status-publish","format-standard","hentry","category-les-rencontres-aulnaysiennes-de-vme"],"_links":{"self":[{"href":"https:\/\/vivremieux-aulnay.fr\/index.php?rest_route=\/wp\/v2\/posts\/196","targetHints":{"allow":["GET"]}}],"collection":[{"href":"https:\/\/vivremieux-aulnay.fr\/index.php?rest_route=\/wp\/v2\/posts"}],"about":[{"href":"https:\/\/vivremieux-aulnay.fr\/index.php?rest_route=\/wp\/v2\/types\/post"}],"author":[{"embeddable":true,"href":"https:\/\/vivremieux-aulnay.fr\/index.php?rest_route=\/wp\/v2\/users\/1"}],"replies":[{"embeddable":true,"href":"https:\/\/vivremieux-aulnay.fr\/index.php?rest_route=%2Fwp%2Fv2%2Fcomments&post=196"}],"version-history":[{"count":5,"href":"https:\/\/vivremieux-aulnay.fr\/index.php?rest_route=\/wp\/v2\/posts\/196\/revisions"}],"predecessor-version":[{"id":202,"href":"https:\/\/vivremieux-aulnay.fr\/index.php?rest_route=\/wp\/v2\/posts\/196\/revisions\/202"}],"wp:attachment":[{"href":"https:\/\/vivremieux-aulnay.fr\/index.php?rest_route=%2Fwp%2Fv2%2Fmedia&parent=196"}],"wp:term":[{"taxonomy":"category","embeddable":true,"href":"https:\/\/vivremieux-aulnay.fr\/index.php?rest_route=%2Fwp%2Fv2%2Fcategories&post=196"},{"taxonomy":"post_tag","embeddable":true,"href":"https:\/\/vivremieux-aulnay.fr\/index.php?rest_route=%2Fwp%2Fv2%2Ftags&post=196"}],"curies":[{"name":"wp","href":"https:\/\/api.w.org\/{rel}","templated":true}]}}