{"id":181,"date":"2015-03-06T18:10:43","date_gmt":"2015-03-06T17:10:43","guid":{"rendered":"http:\/\/vivremieux-aulnay.fr\/?p=181"},"modified":"2015-03-06T18:10:43","modified_gmt":"2015-03-06T17:10:43","slug":"invitation-sexprimer-librement-cest-possible","status":"publish","type":"post","link":"https:\/\/vivremieux-aulnay.fr\/?p=181","title":{"rendered":"Invitation: <em>\u00ab\u00a0S&rsquo;exprimer librement, c&rsquo;est possible\u00a0?\u00a0\u00bb<\/em>"},"content":{"rendered":"<h4><a href=\"https:\/\/vivremieux-aulnay.fr\/wp-content\/uploads\/2015\/03\/rencontre-du-10-mars-2014.pdf\"><img loading=\"lazy\" decoding=\"async\" class=\"alignright size-medium wp-image-184\" src=\"https:\/\/vivremieux-aulnay.fr\/wp-content\/uploads\/2015\/03\/rencontre-du-10mars2014-232x300.jpg\" alt=\"rencontre-du-10mars2014\" width=\"232\" height=\"300\" \/><\/a>Les rencontres aulnaysiennes de Vivre mieux ensemble \u00e0 Aulnay-sous-Bois<\/h4>\n<p>Madame, Monsieur, Cher-e ami-e,<br \/>\nNous vous proposons dans la continuit\u00e9 des rencontres pr\u00e9c\u00e9dentes un nouveau rendez-vous pour essayer de comprendre le monde tel qu\u2019il va, ou va moins bien, ou ne nous va pas du tout&#8230;<br \/>\nLes \u00ab\u00a0\u00e9v\u00e9nements de janvier\u00a0\u00bb ont fait surgir des questions dont celle de la libert\u00e9 d\u2019expression. Apr\u00e8s une soir\u00e9e d\u2019\u00e9changes entre adh\u00e9rents sur le sujet, nous voudrions d\u00e9battre avec tous et prendre le temps de d\u00e9cortiquer, malaxer, triturer, tailler en morceaux ce sujet ou bien de nous en faire un manteau.<br \/>\nVenez faire une pause avec nous, une pause-caf\u00e9 pour un moment convivial : r\u00e9flexion, partage d&rsquo;id\u00e9es, de (d\u00e9s) illusions et aussi de boissons et grignotis.<\/p>\n<h3 style=\"text-align: center;\">Nous recevons le <strong>mardi 10 mars<\/strong><br \/>\nRapha\u00ebl Serrail,<br \/>\nPhilosophe et d\u00e9batteur g\u00e9nial<\/h3>\n<p style=\"text-align: left;\"><strong>Un lieu<\/strong> : salle Dumont<br \/>\n<strong>Une heure<\/strong> : \u00e0 partir de 20H15, ou 19H30, si vous souhaitez et pouvez nous aider \u00e0 installer la salle.<br \/>\n<strong>Rapha\u00ebl Serrail<\/strong> : \u00ab\u00a0<em>Parce qu\u2019en participant \u00e0 des d\u00e9bats publics nous d\u00e9veloppons notre facult\u00e9 de communiquer avec nos concitoyens, nous sommes \u00e9galement renvoy\u00e9s \u00e0 la fragilit\u00e9 de nos points de vue concernant les probl\u00e8mes qui agitent nos soci\u00e9t\u00e9s. Aussi, l\u2019habitude de pousser les portes de ces \u00ab caf\u00e9s du commerce \u00bb, comme disent leurs d\u00e9tracteurs, s\u2019est-elle ancr\u00e9e dans l\u2019organisation de mon temps libre ; autant d\u2019amis \u00e0 retrouver que d\u2019id\u00e9es \u00e0 \u00e9changer, le caf\u00e9 est d\u00e9sormais devenu aussi bien un besoin qu\u2019une responsabilit\u00e9, celle d\u2019un engagement dans la communaut\u00e9 des id\u00e9es<\/em>,\u00a0\u00bb<\/p>\n","protected":false},"excerpt":{"rendered":"<p>Les rencontres aulnaysiennes de Vivre mieux ensemble \u00e0 Aulnay-sous-Bois Madame, Monsieur, Cher-e ami-e, Nous vous proposons dans la continuit\u00e9 des rencontres pr\u00e9c\u00e9dentes un nouveau rendez-vous pour essayer de comprendre le monde tel qu\u2019il va, ou va moins bien, ou ne nous va pas du tout&#8230; Les \u00ab\u00a0\u00e9v\u00e9nements de janvier\u00a0\u00bb ont fait surgir des questions dont &hellip; <a href=\"https:\/\/vivremieux-aulnay.fr\/?p=181\" class=\"more-link\">Continuer la lecture de <span class=\"screen-reader-text\">Invitation: <em>\u00ab\u00a0S&rsquo;exprimer librement, c&rsquo;est possible\u00a0?\u00a0\u00bb<\/em><\/span> <span class=\"meta-nav\">&rarr;<\/span><\/a><\/p>\n","protected":false},"author":1,"featured_media":0,"comment_status":"open","ping_status":"open","sticky":false,"template":"","format":"standard","meta":{"footnotes":""},"categories":[3],"tags":[],"class_list":["post-181","post","type-post","status-publish","format-standard","hentry","category-les-rencontres-aulnaysiennes-de-vme"],"_links":{"self":[{"href":"https:\/\/vivremieux-aulnay.fr\/index.php?rest_route=\/wp\/v2\/posts\/181","targetHints":{"allow":["GET"]}}],"collection":[{"href":"https:\/\/vivremieux-aulnay.fr\/index.php?rest_route=\/wp\/v2\/posts"}],"about":[{"href":"https:\/\/vivremieux-aulnay.fr\/index.php?rest_route=\/wp\/v2\/types\/post"}],"author":[{"embeddable":true,"href":"https:\/\/vivremieux-aulnay.fr\/index.php?rest_route=\/wp\/v2\/users\/1"}],"replies":[{"embeddable":true,"href":"https:\/\/vivremieux-aulnay.fr\/index.php?rest_route=%2Fwp%2Fv2%2Fcomments&post=181"}],"version-history":[{"count":2,"href":"https:\/\/vivremieux-aulnay.fr\/index.php?rest_route=\/wp\/v2\/posts\/181\/revisions"}],"predecessor-version":[{"id":186,"href":"https:\/\/vivremieux-aulnay.fr\/index.php?rest_route=\/wp\/v2\/posts\/181\/revisions\/186"}],"wp:attachment":[{"href":"https:\/\/vivremieux-aulnay.fr\/index.php?rest_route=%2Fwp%2Fv2%2Fmedia&parent=181"}],"wp:term":[{"taxonomy":"category","embeddable":true,"href":"https:\/\/vivremieux-aulnay.fr\/index.php?rest_route=%2Fwp%2Fv2%2Fcategories&post=181"},{"taxonomy":"post_tag","embeddable":true,"href":"https:\/\/vivremieux-aulnay.fr\/index.php?rest_route=%2Fwp%2Fv2%2Ftags&post=181"}],"curies":[{"name":"wp","href":"https:\/\/api.w.org\/{rel}","templated":true}]}}