{"id":138,"date":"2014-10-15T14:26:56","date_gmt":"2014-10-15T13:26:56","guid":{"rendered":"http:\/\/vivremieux-aulnay.fr\/?p=138"},"modified":"2017-11-23T11:56:04","modified_gmt":"2017-11-23T10:56:04","slug":"scandale-de-larrete-anti-mendicite-appel-a-ne-plus-etre-complice","status":"publish","type":"post","link":"https:\/\/vivremieux-aulnay.fr\/?p=138","title":{"rendered":"\u00ab\u00a0Ne soyez pas complice de la chasse aux pauvres!\u00a0\u00bb"},"content":{"rendered":"<h3>Nouvel arr\u00eat\u00e9 anti-mendicit\u00e9 \u00e0 Aulnay-sous-Bois:<\/h3>\n<h2>Vivre Mieux Ensemble interpelle individuellement chaque \u00e9lu de la majorit\u00e9 \u00e0 ne plus \u00eatre complice<\/h2>\n<p>Aulnay-sous-Bois le 15 octobre 2014:<\/p>\n<p>Le maire d&rsquo;Aulnay-sous-Bois pr\u00e9sente ce soir <a href=\"https:\/\/vivremieux-aulnay.fr\/wp-content\/uploads\/2014\/10\/arreteAntimendicite.pdf\">un second arr\u00eat\u00e9 anti-mendicit\u00e9<\/a> au conseil municipal. Il pr\u00e9sente des aspects encore plus liberticides et discriminatoires que le premier (Interdiction de l&rsquo;occupation abusive et prolong\u00e9e d&rsquo;un lieu et station assise et allong\u00e9e proscrite.) contre lequel <a href=\"https:\/\/vivremieux-aulnay.fr\/?p=29\">l&rsquo;association Vivre Mieux Ensemble avait d\u00e9j\u00e0 protest\u00e9<\/a>. Aucune r\u00e9action des conseillers de la majorit\u00e9 n&rsquo;avait eu lieu lors du premier arr\u00eat\u00e9, pour le second, aucun \u00e9lu ne pourra se r\u00e9fugier derri\u00e8re l&rsquo;ignorance. En effet l&rsquo;association <a href=\"https:\/\/vivremieux-aulnay.fr\/?page_id=52\">leur a remis personnellement un courrier<\/a> dans lequel elle leur rappelle leur responsabilit\u00e9 individuelle dans cette indigne chasse aux pauvres.<\/p>\n<p>Cet arr\u00eat\u00e9 s&rsquo;attaque aux droits des plus fragiles et stigmatise les plus pr\u00e9caires. Il sert surtout \u00e0 alimenter la posture nationale d&rsquo;un maire en mal de m\u00e9diatisation, sans apporter la moindre r\u00e9ponse aux probl\u00e8mes de pauvret\u00e9 des Aulnaysiens. Vivre mieux ensemble appelle chaque \u00e9lu \u00e0 demander publiquement au maire d\u2019Aulnay-sous-Bois de renoncer \u00e0 cet arr\u00eat\u00e9 injuste et ainsi de se d\u00e9solidariser de cet acte personnel pour ne pas en \u00eatre complice.<\/p>\n<p>Se taire, se soumettre aux consignes d&rsquo;appareils et renoncer \u00e0 son libre arbitre, alimentera forc\u00e9ment le foss\u00e9 qui existe entre les \u00e9lus et la population et sert au final le discours de l&rsquo;extr\u00eame-droite\u00a0: tous dans le m\u00eame sac\u00a0!<\/p>\n<p>Tous les Aulnaysiens doivent compter de la m\u00eame fa\u00e7on\u00a0: Libert\u00e9 \u00c9galit\u00e9 et Fraternit\u00e9\u00a0!<\/p>\n<p>Luttons contre la pauvret\u00e9, pas contre les pauvres !<\/p>\n","protected":false},"excerpt":{"rendered":"<p>Nouvel arr\u00eat\u00e9 anti-mendicit\u00e9 \u00e0 Aulnay-sous-Bois: Vivre Mieux Ensemble interpelle individuellement chaque \u00e9lu de la majorit\u00e9 \u00e0 ne plus \u00eatre complice Aulnay-sous-Bois le 15 octobre 2014: Le maire d&rsquo;Aulnay-sous-Bois pr\u00e9sente ce soir un second arr\u00eat\u00e9 anti-mendicit\u00e9 au conseil municipal. Il pr\u00e9sente des aspects encore plus liberticides et discriminatoires que le premier (Interdiction de l&rsquo;occupation abusive et &hellip; <a href=\"https:\/\/vivremieux-aulnay.fr\/?p=138\" class=\"more-link\">Continuer la lecture de <span class=\"screen-reader-text\">\u00ab\u00a0Ne soyez pas complice de la chasse aux pauvres!\u00a0\u00bb<\/span> <span class=\"meta-nav\">&rarr;<\/span><\/a><\/p>\n","protected":false},"author":1,"featured_media":0,"comment_status":"open","ping_status":"open","sticky":false,"template":"","format":"standard","meta":{"footnotes":""},"categories":[16,18],"tags":[13,9],"class_list":["post-138","post","type-post","status-publish","format-standard","hentry","category-communique","category-discriminations","tag-arrete-anti-mendicite","tag-mendicite"],"_links":{"self":[{"href":"https:\/\/vivremieux-aulnay.fr\/index.php?rest_route=\/wp\/v2\/posts\/138","targetHints":{"allow":["GET"]}}],"collection":[{"href":"https:\/\/vivremieux-aulnay.fr\/index.php?rest_route=\/wp\/v2\/posts"}],"about":[{"href":"https:\/\/vivremieux-aulnay.fr\/index.php?rest_route=\/wp\/v2\/types\/post"}],"author":[{"embeddable":true,"href":"https:\/\/vivremieux-aulnay.fr\/index.php?rest_route=\/wp\/v2\/users\/1"}],"replies":[{"embeddable":true,"href":"https:\/\/vivremieux-aulnay.fr\/index.php?rest_route=%2Fwp%2Fv2%2Fcomments&post=138"}],"version-history":[{"count":5,"href":"https:\/\/vivremieux-aulnay.fr\/index.php?rest_route=\/wp\/v2\/posts\/138\/revisions"}],"predecessor-version":[{"id":145,"href":"https:\/\/vivremieux-aulnay.fr\/index.php?rest_route=\/wp\/v2\/posts\/138\/revisions\/145"}],"wp:attachment":[{"href":"https:\/\/vivremieux-aulnay.fr\/index.php?rest_route=%2Fwp%2Fv2%2Fmedia&parent=138"}],"wp:term":[{"taxonomy":"category","embeddable":true,"href":"https:\/\/vivremieux-aulnay.fr\/index.php?rest_route=%2Fwp%2Fv2%2Fcategories&post=138"},{"taxonomy":"post_tag","embeddable":true,"href":"https:\/\/vivremieux-aulnay.fr\/index.php?rest_route=%2Fwp%2Fv2%2Ftags&post=138"}],"curies":[{"name":"wp","href":"https:\/\/api.w.org\/{rel}","templated":true}]}}