{"id":1056,"date":"2026-01-11T17:34:42","date_gmt":"2026-01-11T16:34:42","guid":{"rendered":"https:\/\/vivremieux-aulnay.fr\/?p=1056"},"modified":"2026-01-11T17:39:35","modified_gmt":"2026-01-11T16:39:35","slug":"invitation-nourrir-lhumanite-un-defi-des-solutions-durables","status":"publish","type":"post","link":"https:\/\/vivremieux-aulnay.fr\/?p=1056","title":{"rendered":"INVITATION : Nourrir l\u2019humanit\u00e9, un d\u00e9fi, des solutions durables !"},"content":{"rendered":"\n<h2 class=\"wp-block-heading\">Rencontre avec Jean Roger Estrade<\/h2>\n\n\n<div class=\"wp-block-image\">\n<figure class=\"alignright size-full\"><a href=\"https:\/\/vivremieux-aulnay.fr\/wp-content\/uploads\/2026\/01\/rencontre-du-15-janvier-2026-V3.pdf\"><img loading=\"lazy\" decoding=\"async\" width=\"256\" height=\"362\" src=\"https:\/\/vivremieux-aulnay.fr\/wp-content\/uploads\/2026\/01\/rencontre-du-15-janvier-2026-V3.jpg\" alt=\"\" class=\"wp-image-1061\" srcset=\"https:\/\/vivremieux-aulnay.fr\/wp-content\/uploads\/2026\/01\/rencontre-du-15-janvier-2026-V3.jpg 256w, https:\/\/vivremieux-aulnay.fr\/wp-content\/uploads\/2026\/01\/rencontre-du-15-janvier-2026-V3-212x300.jpg 212w\" sizes=\"auto, (max-width: 256px) 100vw, 256px\" \/><\/a><\/figure>\n<\/div>\n\n\n<p>Aujourd\u2019hui, sur pr\u00e8s de 8 milliards d\u2019habitants, entre 700 et 800 millions de personnes ont \u00e9t\u00e9 touch\u00e9es par la faim. \u00c0 l\u2019horizon 2050, il faudra relever le d\u00e9fi de nourrir 9 \u00e0 10 milliards d\u2019\u00eatres humains.<\/p>\n\n\n\n<p>Dans le m\u00eame temps, l\u2019agriculture contemporaine est confront\u00e9e \u00e0 des enjeux majeurs : pr\u00e9servation des sols et des nappes phr\u00e9atiques, protection de la biodiversit\u00e9 et r\u00e9duction des \u00e9missions de gaz \u00e0 effet de serre, dont elle repr\u00e9sente environ 20 % \u00e0 l\u2019\u00e9chelle mondiale.<\/p>\n\n\n\n<p>Face \u00e0 ces constats, l\u2019\u00e9volution de notre syst\u00e8me alimentaire est indispensable et urgente. Cette soir\u00e9e proposera d\u2019explorer diff\u00e9rentes pistes pour r\u00e9pondre aux d\u00e9fis auxquels l\u2019agriculture mondiale est aujourd\u2019hui confront\u00e9e et construire des solutions durables.<\/p>\n\n\n\n<p><strong>Jean Roger Estrade<\/strong>, chercheur \u00e0 l\u2019INRAE et professeur d\u2019agronomie \u00e0 AgroParisTech (jusqu\u2019en septembre 2025). Son enseignement porte sur l\u2019agronomie et les bases scientifiques de l\u2019agro\u00e9cologie. Il nous parlera de tous ces sujets passionnants. Vous pourrez le rencontrer\u00a0:<\/p>\n\n\n\n<h2 class=\"wp-block-heading\">Jeudi 15 janvier 2026 \u00e0 partir de 19h30<\/h2>\n\n\n\n<p>Salle Dumont, Parc Dumont, face \u00e0 la gare RER d\u2019Aulnay-sous-Bois<\/p>\n\n\n\n<p>19h30 ap\u00e9ro partag\u00e9. 20&nbsp;h rencontre<\/p>\n","protected":false},"excerpt":{"rendered":"<p>Rencontre avec Jean Roger Estrade Aujourd\u2019hui, sur pr\u00e8s de 8 milliards d\u2019habitants, entre 700 et 800 millions de personnes ont \u00e9t\u00e9 touch\u00e9es par la faim. \u00c0 l\u2019horizon 2050, il faudra relever le d\u00e9fi de nourrir 9 \u00e0 10 milliards d\u2019\u00eatres humains. Dans le m\u00eame temps, l\u2019agriculture contemporaine est confront\u00e9e \u00e0 des enjeux majeurs : pr\u00e9servation &hellip; <a href=\"https:\/\/vivremieux-aulnay.fr\/?p=1056\" class=\"more-link\">Continuer la lecture de <span class=\"screen-reader-text\">INVITATION : Nourrir l\u2019humanit\u00e9, un d\u00e9fi, des solutions durables !<\/span> <span class=\"meta-nav\">&rarr;<\/span><\/a><\/p>\n","protected":false},"author":1,"featured_media":0,"comment_status":"open","ping_status":"open","sticky":false,"template":"","format":"standard","meta":{"footnotes":""},"categories":[3],"tags":[],"class_list":["post-1056","post","type-post","status-publish","format-standard","hentry","category-les-rencontres-aulnaysiennes-de-vme"],"_links":{"self":[{"href":"https:\/\/vivremieux-aulnay.fr\/index.php?rest_route=\/wp\/v2\/posts\/1056","targetHints":{"allow":["GET"]}}],"collection":[{"href":"https:\/\/vivremieux-aulnay.fr\/index.php?rest_route=\/wp\/v2\/posts"}],"about":[{"href":"https:\/\/vivremieux-aulnay.fr\/index.php?rest_route=\/wp\/v2\/types\/post"}],"author":[{"embeddable":true,"href":"https:\/\/vivremieux-aulnay.fr\/index.php?rest_route=\/wp\/v2\/users\/1"}],"replies":[{"embeddable":true,"href":"https:\/\/vivremieux-aulnay.fr\/index.php?rest_route=%2Fwp%2Fv2%2Fcomments&post=1056"}],"version-history":[{"count":3,"href":"https:\/\/vivremieux-aulnay.fr\/index.php?rest_route=\/wp\/v2\/posts\/1056\/revisions"}],"predecessor-version":[{"id":1062,"href":"https:\/\/vivremieux-aulnay.fr\/index.php?rest_route=\/wp\/v2\/posts\/1056\/revisions\/1062"}],"wp:attachment":[{"href":"https:\/\/vivremieux-aulnay.fr\/index.php?rest_route=%2Fwp%2Fv2%2Fmedia&parent=1056"}],"wp:term":[{"taxonomy":"category","embeddable":true,"href":"https:\/\/vivremieux-aulnay.fr\/index.php?rest_route=%2Fwp%2Fv2%2Fcategories&post=1056"},{"taxonomy":"post_tag","embeddable":true,"href":"https:\/\/vivremieux-aulnay.fr\/index.php?rest_route=%2Fwp%2Fv2%2Ftags&post=1056"}],"curies":[{"name":"wp","href":"https:\/\/api.w.org\/{rel}","templated":true}]}}