{"id":1037,"date":"2025-11-11T13:58:51","date_gmt":"2025-11-11T12:58:51","guid":{"rendered":"https:\/\/vivremieux-aulnay.fr\/?p=1037"},"modified":"2025-11-18T07:55:18","modified_gmt":"2025-11-18T06:55:18","slug":"invitation-les-colonies-interieures","status":"publish","type":"post","link":"https:\/\/vivremieux-aulnay.fr\/?p=1037","title":{"rendered":"INVITATION: \u00ab\u00a0Les colonies int\u00e9rieures\u00a0\u00bb"},"content":{"rendered":"\n<h2 class=\"wp-block-heading\">Rencontre avec Denis Lemasson, \u00e9crivain<\/h2>\n\n\n<div class=\"wp-block-image\">\n<figure class=\"alignright size-full\"><a href=\"https:\/\/vivremieux-aulnay.fr\/wp-content\/uploads\/2025\/11\/rencontre-du-20-novembre-2025-V3.pdf\"><img loading=\"lazy\" decoding=\"async\" width=\"300\" height=\"424\" src=\"https:\/\/vivremieux-aulnay.fr\/wp-content\/uploads\/2025\/11\/rencontre-du-20-novembre-2025-V3.png\" alt=\"\" class=\"wp-image-1046\" srcset=\"https:\/\/vivremieux-aulnay.fr\/wp-content\/uploads\/2025\/11\/rencontre-du-20-novembre-2025-V3.png 300w, https:\/\/vivremieux-aulnay.fr\/wp-content\/uploads\/2025\/11\/rencontre-du-20-novembre-2025-V3-212x300.png 212w\" sizes=\"auto, (max-width: 300px) 100vw, 300px\" \/><\/a><\/figure>\n<\/div>\n\n\n<p>\u00ab&nbsp;Les Colonies int\u00e9rieures&nbsp;\u00bb de Denis Lemasson nous entra\u00eene au c\u0153ur de la Seine-Saint-Denis, terre d\u2019enfance du narrateur et miroir bouleversant de l\u2019histoire fran\u00e7aise, o\u00f9 l\u2019intime croise la grande Histoire.<\/p>\n\n\n\n<p>Tout commence avec Franck, retrouv\u00e9 inconscient dans sa voiture, un myst\u00e9rieux papier de la \u00ab Brigade nord-africaine \u00bb coinc\u00e9 dans la bouche. Suicide rat\u00e9 ou tentative de meurtre ? Avec Zakia, sa compagne, il plonge dans une enqu\u00eate haletante qui les m\u00e8ne au c\u0153ur des blessures enfouies de la France coloniale, de la m\u00e9moire ouvri\u00e8re et des fractures contemporaines.<\/p>\n\n\n\n<p>Entre roman noir et fresque sociale, Denis Lemasson tisse une intrigue captivante qui interroge nos origines, nos silences et ce que la R\u00e9publique a pr\u00e9f\u00e9r\u00e9 oublier. Dans une langue \u00e0 la fois po\u00e9tique et incisive, \u00ab&nbsp;Les Colonies int\u00e9rieures&nbsp;\u00bb nous rappelle que l\u2019histoire collective habite toujours nos vies les plus personnelles.<\/p>\n\n\n\n<p><strong>Denis Lemasson<\/strong>, est m\u00e9decin et \u00e9crivain. Apr\u00e8s Les Routes fant\u00f4mes (Eden, 2004) et Nous traverserons ensemble (Plon, 2016), Les Colonies int\u00e9rieures est son troisi\u00e8me roman. Il habite \u00e0 Pantin, en Seine-Saint-Denis.<\/p>\n\n\n\n<p><strong>Jeudi 20 novembre 2025<\/strong> \u00e0 partir de 19h30, Salle Dumont, Parc Dumont, face \u00e0 la gare RER d\u2019Aulnay-sous-Bois, 19h30 ap\u00e9ro partag\u00e9. 20&nbsp;h rencontre qui sera suivie d\u2019une s\u00e9ance de d\u00e9dicaces.<\/p>\n","protected":false},"excerpt":{"rendered":"<p>Rencontre avec Denis Lemasson, \u00e9crivain \u00ab&nbsp;Les Colonies int\u00e9rieures&nbsp;\u00bb de Denis Lemasson nous entra\u00eene au c\u0153ur de la Seine-Saint-Denis, terre d\u2019enfance du narrateur et miroir bouleversant de l\u2019histoire fran\u00e7aise, o\u00f9 l\u2019intime croise la grande Histoire. Tout commence avec Franck, retrouv\u00e9 inconscient dans sa voiture, un myst\u00e9rieux papier de la \u00ab Brigade nord-africaine \u00bb coinc\u00e9 dans la &hellip; <a href=\"https:\/\/vivremieux-aulnay.fr\/?p=1037\" class=\"more-link\">Continuer la lecture de <span class=\"screen-reader-text\">INVITATION: \u00ab\u00a0Les colonies int\u00e9rieures\u00a0\u00bb<\/span> <span class=\"meta-nav\">&rarr;<\/span><\/a><\/p>\n","protected":false},"author":1,"featured_media":0,"comment_status":"open","ping_status":"open","sticky":false,"template":"","format":"standard","meta":{"footnotes":""},"categories":[3],"tags":[],"class_list":["post-1037","post","type-post","status-publish","format-standard","hentry","category-les-rencontres-aulnaysiennes-de-vme"],"_links":{"self":[{"href":"https:\/\/vivremieux-aulnay.fr\/index.php?rest_route=\/wp\/v2\/posts\/1037","targetHints":{"allow":["GET"]}}],"collection":[{"href":"https:\/\/vivremieux-aulnay.fr\/index.php?rest_route=\/wp\/v2\/posts"}],"about":[{"href":"https:\/\/vivremieux-aulnay.fr\/index.php?rest_route=\/wp\/v2\/types\/post"}],"author":[{"embeddable":true,"href":"https:\/\/vivremieux-aulnay.fr\/index.php?rest_route=\/wp\/v2\/users\/1"}],"replies":[{"embeddable":true,"href":"https:\/\/vivremieux-aulnay.fr\/index.php?rest_route=%2Fwp%2Fv2%2Fcomments&post=1037"}],"version-history":[{"count":4,"href":"https:\/\/vivremieux-aulnay.fr\/index.php?rest_route=\/wp\/v2\/posts\/1037\/revisions"}],"predecessor-version":[{"id":1047,"href":"https:\/\/vivremieux-aulnay.fr\/index.php?rest_route=\/wp\/v2\/posts\/1037\/revisions\/1047"}],"wp:attachment":[{"href":"https:\/\/vivremieux-aulnay.fr\/index.php?rest_route=%2Fwp%2Fv2%2Fmedia&parent=1037"}],"wp:term":[{"taxonomy":"category","embeddable":true,"href":"https:\/\/vivremieux-aulnay.fr\/index.php?rest_route=%2Fwp%2Fv2%2Fcategories&post=1037"},{"taxonomy":"post_tag","embeddable":true,"href":"https:\/\/vivremieux-aulnay.fr\/index.php?rest_route=%2Fwp%2Fv2%2Ftags&post=1037"}],"curies":[{"name":"wp","href":"https:\/\/api.w.org\/{rel}","templated":true}]}}