{"id":1030,"date":"2025-10-07T07:53:58","date_gmt":"2025-10-07T06:53:58","guid":{"rendered":"https:\/\/vivremieux-aulnay.fr\/?p=1030"},"modified":"2025-10-07T07:53:59","modified_gmt":"2025-10-07T06:53:59","slug":"invitation-matrice-aux-origines-de-la-domination-masculine","status":"publish","type":"post","link":"https:\/\/vivremieux-aulnay.fr\/?p=1030","title":{"rendered":"INVITATION : \u00ab Matrice : Aux origines de la domination masculine \u00bb"},"content":{"rendered":"\n<h2 class=\"wp-block-heading\">Rencontre avec Claire Alet, autrice du livre<\/h2>\n\n\n<div class=\"wp-block-image\">\n<figure class=\"alignright size-large is-resized\"><a href=\"https:\/\/vivremieux-aulnay.fr\/wp-content\/uploads\/2025\/10\/rencontre-du-16-octobre-2025-V2.pdf\"><img loading=\"lazy\" decoding=\"async\" width=\"724\" height=\"1024\" src=\"https:\/\/vivremieux-aulnay.fr\/wp-content\/uploads\/2025\/10\/rencontre-du-16-octobre-2025-V2-724x1024.jpg\" alt=\"\" class=\"wp-image-1034\" style=\"width:239px;height:auto\" srcset=\"https:\/\/vivremieux-aulnay.fr\/wp-content\/uploads\/2025\/10\/rencontre-du-16-octobre-2025-V2-724x1024.jpg 724w, https:\/\/vivremieux-aulnay.fr\/wp-content\/uploads\/2025\/10\/rencontre-du-16-octobre-2025-V2-212x300.jpg 212w, https:\/\/vivremieux-aulnay.fr\/wp-content\/uploads\/2025\/10\/rencontre-du-16-octobre-2025-V2-768x1086.jpg 768w, https:\/\/vivremieux-aulnay.fr\/wp-content\/uploads\/2025\/10\/rencontre-du-16-octobre-2025-V2.jpg 800w\" sizes=\"auto, (max-width: 724px) 100vw, 724px\" \/><\/a><\/figure>\n<\/div>\n\n\n<p>D\u2019o\u00f9 vient la domination masculine et comment s&rsquo;est-elle impos\u00e9e dans les soci\u00e9t\u00e9s humaines\u00a0? Pourquoi est-elle encore si pr\u00e9gnante dans nos soci\u00e9t\u00e9s contemporaines\u00a0? Pour r\u00e9pondre \u00e0 ses questions, Claire ALET s\u2019est lanc\u00e9e dans une enqu\u00eate, rencontr\u00e9e et lue des anthropologues, des historien.nes, des sociologues, des philosophes\u2026 Dans \u00ab\u00a0Matrice\u00a0\u00bb elle livre le fruit de cette recherche dans un texte maill\u00e9 de connaissances scientifiques et d&rsquo;exp\u00e9rience intime.<\/p>\n\n\n\n<p><strong>Claire Alet,<\/strong> est Journaliste (Le 1 Hebdo) et autrice (Le Seuil, La Revue Dessin\u00e9e, Arte) et vient pr\u00e9senter son livre Matrice \u00e0 Aulnay-sous-Bois, dans le cadre de l\u2019association VME, en partenariat avec la libraire folies d\u2019Encre.<\/p>\n\n\n\n<p><strong>Jeudi 16 octobre 2025 \u00e0 partir de 19h30<\/strong>, Salle Dumont, Parc Dumont, face \u00e0 la gare RER d\u2019Aulnay-sous-Bois. 19h30 ap\u00e9ro partag\u00e9. 20\u00a0h rencontre qui sera suivie d\u2019une s\u00e9ance de d\u00e9dicaces.<\/p>\n","protected":false},"excerpt":{"rendered":"<p>Rencontre avec Claire Alet, autrice du livre D\u2019o\u00f9 vient la domination masculine et comment s&rsquo;est-elle impos\u00e9e dans les soci\u00e9t\u00e9s humaines\u00a0? Pourquoi est-elle encore si pr\u00e9gnante dans nos soci\u00e9t\u00e9s contemporaines\u00a0? Pour r\u00e9pondre \u00e0 ses questions, Claire ALET s\u2019est lanc\u00e9e dans une enqu\u00eate, rencontr\u00e9e et lue des anthropologues, des historien.nes, des sociologues, des philosophes\u2026 Dans \u00ab\u00a0Matrice\u00a0\u00bb elle &hellip; <a href=\"https:\/\/vivremieux-aulnay.fr\/?p=1030\" class=\"more-link\">Continuer la lecture de <span class=\"screen-reader-text\">INVITATION : \u00ab Matrice : Aux origines de la domination masculine \u00bb<\/span> <span class=\"meta-nav\">&rarr;<\/span><\/a><\/p>\n","protected":false},"author":1,"featured_media":0,"comment_status":"open","ping_status":"open","sticky":false,"template":"","format":"standard","meta":{"footnotes":""},"categories":[3],"tags":[],"class_list":["post-1030","post","type-post","status-publish","format-standard","hentry","category-les-rencontres-aulnaysiennes-de-vme"],"_links":{"self":[{"href":"https:\/\/vivremieux-aulnay.fr\/index.php?rest_route=\/wp\/v2\/posts\/1030","targetHints":{"allow":["GET"]}}],"collection":[{"href":"https:\/\/vivremieux-aulnay.fr\/index.php?rest_route=\/wp\/v2\/posts"}],"about":[{"href":"https:\/\/vivremieux-aulnay.fr\/index.php?rest_route=\/wp\/v2\/types\/post"}],"author":[{"embeddable":true,"href":"https:\/\/vivremieux-aulnay.fr\/index.php?rest_route=\/wp\/v2\/users\/1"}],"replies":[{"embeddable":true,"href":"https:\/\/vivremieux-aulnay.fr\/index.php?rest_route=%2Fwp%2Fv2%2Fcomments&post=1030"}],"version-history":[{"count":2,"href":"https:\/\/vivremieux-aulnay.fr\/index.php?rest_route=\/wp\/v2\/posts\/1030\/revisions"}],"predecessor-version":[{"id":1035,"href":"https:\/\/vivremieux-aulnay.fr\/index.php?rest_route=\/wp\/v2\/posts\/1030\/revisions\/1035"}],"wp:attachment":[{"href":"https:\/\/vivremieux-aulnay.fr\/index.php?rest_route=%2Fwp%2Fv2%2Fmedia&parent=1030"}],"wp:term":[{"taxonomy":"category","embeddable":true,"href":"https:\/\/vivremieux-aulnay.fr\/index.php?rest_route=%2Fwp%2Fv2%2Fcategories&post=1030"},{"taxonomy":"post_tag","embeddable":true,"href":"https:\/\/vivremieux-aulnay.fr\/index.php?rest_route=%2Fwp%2Fv2%2Ftags&post=1030"}],"curies":[{"name":"wp","href":"https:\/\/api.w.org\/{rel}","templated":true}]}}