{"id":1020,"date":"2025-09-14T17:59:12","date_gmt":"2025-09-14T16:59:12","guid":{"rendered":"https:\/\/vivremieux-aulnay.fr\/?p=1020"},"modified":"2025-09-14T18:03:08","modified_gmt":"2025-09-14T17:03:08","slug":"nvitation-inarretable-de-philippe-bost","status":"publish","type":"post","link":"https:\/\/vivremieux-aulnay.fr\/?p=1020","title":{"rendered":"INVITATION : \u00ab\u00a0Inarr\u00eatable\u00a0\u00bb de Philippe Bost"},"content":{"rendered":"\n<h3 class=\"wp-block-heading\"><strong>Un spectacle sensible qui questionne notre soci\u00e9t\u00e9, une performance r\u00e9cit de vie et danse sur les violences.<\/strong><\/h3>\n\n\n<div class=\"wp-block-image\">\n<figure class=\"alignright size-full\"><a href=\"https:\/\/vivremieux-aulnay.fr\/wp-content\/uploads\/2025\/09\/rencontre-du-24-septembre-2025-V5.pdf\"><img loading=\"lazy\" decoding=\"async\" width=\"300\" height=\"424\" src=\"https:\/\/vivremieux-aulnay.fr\/wp-content\/uploads\/2025\/09\/rencontre-du-24-septembre-2025-V5.png\" alt=\"\" class=\"wp-image-1024\" srcset=\"https:\/\/vivremieux-aulnay.fr\/wp-content\/uploads\/2025\/09\/rencontre-du-24-septembre-2025-V5.png 300w, https:\/\/vivremieux-aulnay.fr\/wp-content\/uploads\/2025\/09\/rencontre-du-24-septembre-2025-V5-212x300.png 212w\" sizes=\"auto, (max-width: 300px) 100vw, 300px\" \/><\/a><\/figure>\n<\/div>\n\n\n<p>Nous avons ainsi le plaisir de vous convier \u00e0 un premier temps fort des soir\u00e9es de VME, consacr\u00e9 \u00e0 une r\u00e9flexion collective autour des violences, en particulier celles faites aux femmes. Pour ouvrir ce cycle, nous vous proposons le spectacle \u00ab\u00a0Inarr\u00eatable\u00a0\u00bb, o\u00f9 Philippe Bost m\u00eale r\u00e9cit intime et danse. \u00c0 travers une parole masculine rare, vuln\u00e9rable et engag\u00e9e, il interroge la violence \u2014 la sienne, la n\u00f4tre, celle dirig\u00e9e contre les femmes \u2014 mais aussi la justice, la r\u00e9silience et les chemins possibles vers la r\u00e9paration.<\/p>\n\n\n\n<p><strong>Soir\u00e9e VME exceptionnellement un mercredi,<\/strong><\/p>\n\n\n\n<h3 class=\"wp-block-heading\"> <strong>le 24 septembre 2025 \u00e0 partir de 19h30<\/strong>, <\/h3>\n\n\n\n<p><strong>D\u00e9but du spectacle 20h pr\u00e9cise<\/strong>, Salle Dumont, Parc Dumont, face \u00e0 la gare RER d\u2019Aulnay-sous-Bois (12 bd Gallieni), <strong>Tarif au choix selon l\u2019envie : 10\u20ac \/ 15\u20ac \/ 20\u20ac<\/strong>, <strong>Temps de partage apr\u00e8s et partage du verre de l&rsquo;amiti\u00e9<\/strong><\/p>\n\n\n\n<figure class=\"wp-block-embed is-type-video is-provider-youtube wp-block-embed-youtube wp-embed-aspect-16-9 wp-has-aspect-ratio\"><div class=\"wp-block-embed__wrapper\">\n<iframe loading=\"lazy\" title=\"INARR\u00caTABLE - R\u00e9cit de vie dans\u00e9 d&#039;un homme et notre violence\" width=\"604\" height=\"340\" src=\"https:\/\/www.youtube.com\/embed\/ra-ThCgeogQ?feature=oembed\" frameborder=\"0\" allow=\"accelerometer; autoplay; clipboard-write; encrypted-media; gyroscope; picture-in-picture; web-share\" referrerpolicy=\"strict-origin-when-cross-origin\" allowfullscreen><\/iframe>\n<\/div><\/figure>\n","protected":false},"excerpt":{"rendered":"<p>Un spectacle sensible qui questionne notre soci\u00e9t\u00e9, une performance r\u00e9cit de vie et danse sur les violences. Nous avons ainsi le plaisir de vous convier \u00e0 un premier temps fort des soir\u00e9es de VME, consacr\u00e9 \u00e0 une r\u00e9flexion collective autour des violences, en particulier celles faites aux femmes. Pour ouvrir ce cycle, nous vous proposons &hellip; <a href=\"https:\/\/vivremieux-aulnay.fr\/?p=1020\" class=\"more-link\">Continuer la lecture de <span class=\"screen-reader-text\">INVITATION : \u00ab\u00a0Inarr\u00eatable\u00a0\u00bb de Philippe Bost<\/span> <span class=\"meta-nav\">&rarr;<\/span><\/a><\/p>\n","protected":false},"author":1,"featured_media":0,"comment_status":"open","ping_status":"open","sticky":false,"template":"","format":"standard","meta":{"footnotes":""},"categories":[3],"tags":[],"class_list":["post-1020","post","type-post","status-publish","format-standard","hentry","category-les-rencontres-aulnaysiennes-de-vme"],"_links":{"self":[{"href":"https:\/\/vivremieux-aulnay.fr\/index.php?rest_route=\/wp\/v2\/posts\/1020","targetHints":{"allow":["GET"]}}],"collection":[{"href":"https:\/\/vivremieux-aulnay.fr\/index.php?rest_route=\/wp\/v2\/posts"}],"about":[{"href":"https:\/\/vivremieux-aulnay.fr\/index.php?rest_route=\/wp\/v2\/types\/post"}],"author":[{"embeddable":true,"href":"https:\/\/vivremieux-aulnay.fr\/index.php?rest_route=\/wp\/v2\/users\/1"}],"replies":[{"embeddable":true,"href":"https:\/\/vivremieux-aulnay.fr\/index.php?rest_route=%2Fwp%2Fv2%2Fcomments&post=1020"}],"version-history":[{"count":5,"href":"https:\/\/vivremieux-aulnay.fr\/index.php?rest_route=\/wp\/v2\/posts\/1020\/revisions"}],"predecessor-version":[{"id":1028,"href":"https:\/\/vivremieux-aulnay.fr\/index.php?rest_route=\/wp\/v2\/posts\/1020\/revisions\/1028"}],"wp:attachment":[{"href":"https:\/\/vivremieux-aulnay.fr\/index.php?rest_route=%2Fwp%2Fv2%2Fmedia&parent=1020"}],"wp:term":[{"taxonomy":"category","embeddable":true,"href":"https:\/\/vivremieux-aulnay.fr\/index.php?rest_route=%2Fwp%2Fv2%2Fcategories&post=1020"},{"taxonomy":"post_tag","embeddable":true,"href":"https:\/\/vivremieux-aulnay.fr\/index.php?rest_route=%2Fwp%2Fv2%2Ftags&post=1020"}],"curies":[{"name":"wp","href":"https:\/\/api.w.org\/{rel}","templated":true}]}}