{"id":1013,"date":"2025-06-10T12:57:38","date_gmt":"2025-06-10T11:57:38","guid":{"rendered":"https:\/\/vivremieux-aulnay.fr\/?p=1013"},"modified":"2025-06-10T12:57:39","modified_gmt":"2025-06-10T11:57:39","slug":"invitation-theatrale-des-nenuphars-dans-les-poumons","status":"publish","type":"post","link":"https:\/\/vivremieux-aulnay.fr\/?p=1013","title":{"rendered":"INVITATION TH\u00c9\u00c2TRALE : \u00ab Des n\u00e9nuphars dans les poumons \u00bb"},"content":{"rendered":"\n<p><strong>D\u2019apr\u00e8s un article de la journaliste Elsa Sabado, Compagnie Sans la nommer<\/strong><\/p>\n\n\n\n<h2 class=\"wp-block-heading\">Le plus bel hommage aux lanceurs d\u2019alerte de l\u2019usine d\u2019amiante d\u2019Aulnay et leur 30 ans de combat<\/h2>\n\n\n<div class=\"wp-block-image\">\n<figure class=\"alignright size-full is-resized\"><a href=\"https:\/\/vivremieux-aulnay.fr\/wp-content\/uploads\/2025\/06\/rencontre-du-19-juin-2025V4.pdf\"><img loading=\"lazy\" decoding=\"async\" width=\"600\" height=\"848\" src=\"https:\/\/vivremieux-aulnay.fr\/wp-content\/uploads\/2025\/06\/rencontre-du-19-juin-2025V4.jpg\" alt=\"\" class=\"wp-image-1015\" style=\"width:260px;height:auto\" srcset=\"https:\/\/vivremieux-aulnay.fr\/wp-content\/uploads\/2025\/06\/rencontre-du-19-juin-2025V4.jpg 600w, https:\/\/vivremieux-aulnay.fr\/wp-content\/uploads\/2025\/06\/rencontre-du-19-juin-2025V4-212x300.jpg 212w\" sizes=\"auto, (max-width: 600px) 100vw, 600px\" \/><\/a><\/figure>\n<\/div>\n\n\n<p><strong>Nombre de places limit\u00e9es, inscription conseill\u00e9e sur &#x63;&#x6f;&#x6e;&#x74;&#x61;&#x63;&#x74;&#x40;&#x76;&#x69;&#x76;&#x72;&#x65;&#x6d;&#x69;&#x65;&#x75;&#x78;&#x2d;&#x61;&#x75;&#x6c;&#110;&#97;&#121;&#46;&#102;&#114;<\/strong><\/p>\n\n\n\n<p>Comment, sans avoir travaill\u00e9 dans un environnement amiant\u00e9, le fr\u00e8re de Nicole a t-il pu mourir d\u2019un cancer de l\u2019amiante ?<br>Nicole et G\u00e9rard, le couple Voide, suivent la piste d\u2019une ancienne usine d\u2019amiante situ\u00e9e \u00e0 proximit\u00e9 de leur \u00e9cole primaire et du domicile familial. Apr\u00e8s des ann\u00e9es d\u2019enqu\u00eate, rejoints par des associations et de multiples autres participants de divers horizons, ils constituent un dossier solide, d\u00e9posent plainte et mobilisent les habitant\u00b7e\u00b7s du quartier pour d\u00e9noncer un empoisonnement environnemental d\u2019envergure. \u00ab Une pi\u00e8ce forte sur un combat de plus de 30 ans, o\u00f9 se m\u00ealent \u00e9motions, reconnaissance et humour. \u00bb<\/p>\n\n\n\n<p><strong>\u00abUne pi\u00e8ce attachante et forte autour de l\u2019amiante\u2026 et pourtant, on rit \u00bb<\/strong><\/p>\n\n\n\n<h2 class=\"wp-block-heading\">Jeudi 19 juin 2025 \u00e0 partir de 19h30<\/h2>\n\n\n\n<p class=\"has-text-align-center\">entr\u00e9e libre, participation aux frais au chapeau<br>Salle Dumont, Parc Dumont, face \u00e0 la gare RER d\u2019Aulnay-sous-Bois<br>\u00c9changes avec l\u2019\u00e9quipe de la pi\u00e8ce apr\u00e8s le spectacle et partage du verre de l&rsquo;amiti\u00e9.<\/p>\n","protected":false},"excerpt":{"rendered":"<p>D\u2019apr\u00e8s un article de la journaliste Elsa Sabado, Compagnie Sans la nommer Le plus bel hommage aux lanceurs d\u2019alerte de l\u2019usine d\u2019amiante d\u2019Aulnay et leur 30 ans de combat Nombre de places limit\u00e9es, inscription conseill\u00e9e sur &#x63;o&#x6e;&#116;&#x61;&#99;t&#x40;&#118;&#x69;&#118;r&#x65;&#109;&#x69;&#101;u&#x78;-&#x61;&#117;&#x6c;&#x6e;a&#x79;&#46;&#x66;&#114; Comment, sans avoir travaill\u00e9 dans un environnement amiant\u00e9, le fr\u00e8re de Nicole a t-il pu mourir d\u2019un cancer &hellip; <a href=\"https:\/\/vivremieux-aulnay.fr\/?p=1013\" class=\"more-link\">Continuer la lecture de <span class=\"screen-reader-text\">INVITATION TH\u00c9\u00c2TRALE : \u00ab Des n\u00e9nuphars dans les poumons \u00bb<\/span> <span class=\"meta-nav\">&rarr;<\/span><\/a><\/p>\n","protected":false},"author":1,"featured_media":0,"comment_status":"open","ping_status":"open","sticky":false,"template":"","format":"standard","meta":{"footnotes":""},"categories":[3],"tags":[],"class_list":["post-1013","post","type-post","status-publish","format-standard","hentry","category-les-rencontres-aulnaysiennes-de-vme"],"_links":{"self":[{"href":"https:\/\/vivremieux-aulnay.fr\/index.php?rest_route=\/wp\/v2\/posts\/1013","targetHints":{"allow":["GET"]}}],"collection":[{"href":"https:\/\/vivremieux-aulnay.fr\/index.php?rest_route=\/wp\/v2\/posts"}],"about":[{"href":"https:\/\/vivremieux-aulnay.fr\/index.php?rest_route=\/wp\/v2\/types\/post"}],"author":[{"embeddable":true,"href":"https:\/\/vivremieux-aulnay.fr\/index.php?rest_route=\/wp\/v2\/users\/1"}],"replies":[{"embeddable":true,"href":"https:\/\/vivremieux-aulnay.fr\/index.php?rest_route=%2Fwp%2Fv2%2Fcomments&post=1013"}],"version-history":[{"count":2,"href":"https:\/\/vivremieux-aulnay.fr\/index.php?rest_route=\/wp\/v2\/posts\/1013\/revisions"}],"predecessor-version":[{"id":1018,"href":"https:\/\/vivremieux-aulnay.fr\/index.php?rest_route=\/wp\/v2\/posts\/1013\/revisions\/1018"}],"wp:attachment":[{"href":"https:\/\/vivremieux-aulnay.fr\/index.php?rest_route=%2Fwp%2Fv2%2Fmedia&parent=1013"}],"wp:term":[{"taxonomy":"category","embeddable":true,"href":"https:\/\/vivremieux-aulnay.fr\/index.php?rest_route=%2Fwp%2Fv2%2Fcategories&post=1013"},{"taxonomy":"post_tag","embeddable":true,"href":"https:\/\/vivremieux-aulnay.fr\/index.php?rest_route=%2Fwp%2Fv2%2Ftags&post=1013"}],"curies":[{"name":"wp","href":"https:\/\/api.w.org\/{rel}","templated":true}]}}